{"id":10006,"date":"2011-06-13T18:00:00","date_gmt":"2011-06-13T18:00:00","guid":{"rendered":""},"modified":"2011-06-13T18:00:00","modified_gmt":"2011-06-13T18:00:00","slug":"uodai-ne-kliutis-vasaroti","status":"publish","type":"post","link":"https:\/\/www.pasveik.lt\/lt\/sveikatos-ir-medicinos-naujienos\/uodai-ne-kliutis-vasaroti\/10006\/","title":{"rendered":"Uodai &#8211; ne kli\u016btis vasaroti"},"content":{"rendered":"<p style=\"text-align: justify\"><strong>M\u016bs\u0173 dukrytei tik pus\u0117 metuk\u0173. Mielai i\u0161sive\u017etume k\u016bdik\u012f \u012f u\u017emies\u010dio sodyb\u0105, bet man neramu d\u0117l kraujasiurbi\u0173 uod\u0173. \u0160iemet j\u0173 tiek daug, o vaikas jau ir nuo keli\u0173 uod\u0173, nakt\u012f praspr\u016bdusi\u0173 \u012f miegam\u0105j\u012f bute, \u012fkandim\u0173 guziukais nus\u0117tas. Ar tiks \u012fprasti pur\u0161kaliukai vaikams, ar k\u016bdikiui reikia speciali\u0173. O gal mintis vasaroti su tokio am\u017eiaus vaiku yra netinkama? <br \/>\nMigl\u0117 <\/strong><font color=\"#000000\"><strong>Atsako specialist\u0117:<\/strong><\/font><\/p>\n<p style=\"text-align: justify\"><font color=\"#000000\"><u>\u0160eimos gydytoja Jurgita Peleckien\u0117:<\/u><font color=\"#993300\"><font color=\"#000000\"><strong><br \/>\n<\/strong><\/font><\/font><\/font><font color=\"#000000\"><font color=\"#993300\"><font color=\"#000000\"><br \/>\n<\/font><\/font><\/font><font color=\"#000000\"><font color=\"#993300\"><font color=\"#000000\">&#8211; Vasaroti su pus\u0117s metu k\u016bdikiu yra visai ne per anksti. K\u016bdik\u012f tikrai galima ne\u0161ti \u012f lauk\u0105, tereikia \u012fsigyti pagal vaiko am\u017ei\u0173 tinkam\u0173 uodus atbaidan\u010di\u0173 priemoni\u0173. <br \/>\nPasiteiraukite vaistin\u0117se, tikrai yra pur\u0161kaliuk\u0173 ir tepal\u0173, tinkam\u0173 ir ma\u017eesniems nei met\u0173 vaikams. Jei norite viso labo migdyti vaik\u0105 lauke, ar v\u0117dinamam kambaryje bute, kad uodai neprilyst\u0173 pravers ir tinklelis ant ve\u017eim\u0117lio. <\/p>\n<p>Jei uodai vis tik sukando ir vaikutis d\u0117l to neramus, jis muistosi, ar \u012fkandimai patino, galime duoti prie\u0161alerginio, antihistamininio vaisto. Svarbu tinkamai parinkti doz\u0119 pagal vaiko svor\u012f. <\/p>\n<p>Jei \u012fkandimas n\u0117ra labai didelis, bandykite i\u0161siversti paprastomis, po ranka esan\u010diomis priemon\u0117mis. Pasiruo\u0161kite sodos tirpalo, ar nestipriai \u012fkandimo vietas patrinkite perpjautu svog\u016bnu &#8211; ma\u017eiau nie\u017et\u0117s. <br \/>\nTikrai nereik\u0117t\u0173 nerimauti, kad vaik\u0105 nuo uod\u0173 \u012fkandim\u0173 alergizuos. \u017dinoma, k\u016bdiki\u0173 reakcijos \u012f uod\u0173 \u012fkandim\u0105 yra jautresn\u0117s: odel\u0117 labiau paburksta, smarkiau nie\u017eti, nes k\u016bdikio audini\u0173 savyb\u0117s yra visai kitokios. <br \/>\nKol uodas ne\u012fkas, niekada ne\u017einosi, kaip vaikas \u012f tai reaguoja. <\/p>\n<p>Lietuvos sveikata<\/font><\/font><\/font><\/p>\n<p style=\"text-align: justify\"><font color=\"#000000\"><font color=\"#993300\"><font color=\"#000000\"><a href=\"https:\/\/pasveik.lt\/vaiku-sveikata\/34502\">Vaik\u0173 sveikatos testai<\/a><\/font><\/font><\/font><\/p>\n<p style=\"text-align: justify\">&nbsp;<\/p>\n","protected":false},"excerpt":{"rendered":"<p style=\"text-align: justify\">M\u016bs\u0173 dukrytei tik pus\u0117 metuk\u0173. Mielai i\u0161sive\u017etume k\u016bdik\u012f \u012f u\u017emies\u010dio sodyb\u0105, bet man neramu d\u0117l kraujasiurbi\u0173 uod\u0173. \u0160iemet j\u0173 tiek daug, o vaikas jau ir nuo keli\u0173 uod\u0173, nakt\u012f praspr\u016bdusi\u0173 \u012f miegam\u0105j\u012f bute, \u012fkandim\u0173 guziukais nus\u0117tas. Ar tiks \u012fprasti pur\u0161kaliukai vaikams, ar k\u016bdikiui reikia speciali\u0173. O gal mintis vasaroti su tokio am\u017eiaus vaiku yra netinkama? <br \/>\n&nbsp;<\/p>\n","protected":false},"author":1,"featured_media":0,"comment_status":"open","ping_status":"closed","sticky":false,"template":"","format":"standard","meta":{"_acf_changed":false,"footnotes":""},"categories":[27314],"tags":[397],"site":[],"post_item_type":[27344],"class_list":["post-10006","post","type-post","status-publish","format-standard","hentry","category-ekologija-ir-sveikata","tag-uodai"],"acf":{"post_sites":false},"aioseo_notices":[],"_links":{"self":[{"href":"https:\/\/www.pasveik.lt\/lt\/wp-json\/wp\/v2\/posts\/10006","targetHints":{"allow":["GET"]}}],"collection":[{"href":"https:\/\/www.pasveik.lt\/lt\/wp-json\/wp\/v2\/posts"}],"about":[{"href":"https:\/\/www.pasveik.lt\/lt\/wp-json\/wp\/v2\/types\/post"}],"author":[{"embeddable":true,"href":"https:\/\/www.pasveik.lt\/lt\/wp-json\/wp\/v2\/users\/1"}],"replies":[{"embeddable":true,"href":"https:\/\/www.pasveik.lt\/lt\/wp-json\/wp\/v2\/comments?post=10006"}],"version-history":[{"count":0,"href":"https:\/\/www.pasveik.lt\/lt\/wp-json\/wp\/v2\/posts\/10006\/revisions"}],"wp:attachment":[{"href":"https:\/\/www.pasveik.lt\/lt\/wp-json\/wp\/v2\/media?parent=10006"}],"wp:term":[{"taxonomy":"category","embeddable":true,"href":"https:\/\/www.pasveik.lt\/lt\/wp-json\/wp\/v2\/categories?post=10006"},{"taxonomy":"post_tag","embeddable":true,"href":"https:\/\/www.pasveik.lt\/lt\/wp-json\/wp\/v2\/tags?post=10006"},{"taxonomy":"site","embeddable":true,"href":"https:\/\/www.pasveik.lt\/lt\/wp-json\/wp\/v2\/site?post=10006"},{"taxonomy":"post_item_type","embeddable":true,"href":"https:\/\/www.pasveik.lt\/lt\/wp-json\/wp\/v2\/post_item_type?post=10006"}],"curies":[{"name":"wp","href":"https:\/\/api.w.org\/{rel}","templated":true}]}}