{"id":11050,"date":"2010-07-28T18:00:00","date_gmt":"2010-07-28T18:00:00","guid":{"rendered":""},"modified":"2010-07-28T18:00:00","modified_gmt":"2010-07-28T18:00:00","slug":"polinkis-i-melanoma-igyjamas-dar-vaikysteje","status":"publish","type":"post","link":"https:\/\/www.pasveik.lt\/lt\/sveikatos-ir-medicinos-naujienos\/polinkis-i-melanoma-igyjamas-dar-vaikysteje\/11050\/","title":{"rendered":"Polinkis \u012f melanom\u0105 \u012fgyjamas dar vaikyst\u0117je"},"content":{"rendered":"<p>&nbsp;<span style=\"line-height: 15px; border-collapse: collapse; font-family: Arial, Verdana, Tahoma, sans-serif; color: rgb(70,75,84); -webkit-border-horizontal-spacing: 2px; -webkit-border-vertical-spacing: 2px\" class=\"Apple-style-span\">Orams \u012fkaitus vis daugiau \u017emoni\u0173 traukia \u012f papl\u016bdim\u012f m\u0117gautis saul\u0117s voniomis. Onkologijos konsultacin\u0117s poliklinikos ved\u0117ja Judita Filipauskien\u0117 persp\u0117ja, kad deginantis nesaikingai gresia <a href=\"https:\/\/pasveik.lt\/lt\/ligos-ir-sindromai\/melanoma\/72051\">melanoma<\/a>.<\/span><span style=\"line-height: 15px; border-collapse: collapse; font-family: Arial, Verdana, Tahoma, sans-serif; color: rgb(70,75,84); font-size: 12px; -webkit-border-horizontal-spacing: 2px; -webkit-border-vertical-spacing: 2px\" class=\"Apple-style-span\">&nbsp;<\/span><span style=\"line-height: 15px; border-collapse: collapse; font-family: Arial, Verdana, Tahoma, sans-serif; color: rgb(70,75,84); font-size: 12px; -webkit-border-horizontal-spacing: 2px; -webkit-border-vertical-spacing: 2px\" class=\"Apple-style-span\"><br style=\"text-align: left; font-size: 12px !important\" \/><br \/>\n<\/span><span style=\"line-height: 15px; border-collapse: collapse; font-family: Arial, Verdana, Tahoma, sans-serif; color: rgb(70,75,84); font-size: 12px; -webkit-border-horizontal-spacing: 2px; -webkit-border-vertical-spacing: 2px\" class=\"Apple-style-span\"><br style=\"text-align: left; font-size: 12px !important\" \/><br \/>\n<\/span><\/p>\n<div style=\"text-align: justify; line-height: 15px; border-collapse: collapse; font-family: Arial, Verdana, Tahoma, sans-serif; color: rgb(70,75,84); font-size: 12px !important; -webkit-border-horizontal-spacing: 2px; -webkit-border-vertical-spacing: 2px\"><strong style=\"text-align: left; font-size: 12px !important\"><a href=\"https:\/\/pasveik.lt\/lt\/ligos-ir-sindromai\/melanoma\/72051\">Melanoma<\/a> &mdash; klastinga liga&nbsp;<\/strong><br style=\"text-align: left; font-size: 12px !important\" \/><br \/>\n<a href=\"https:\/\/pasveik.lt\/lt\/ligos-ir-sindromai\/melanoma\/72051\">Melanoma<\/a> &mdash; viena i\u0161 odos v\u0117\u017eio form\u0173. J. Filipauskien\u0117 j\u0105 apib\u016bdina, kaip labai klasting\u0105, agresyvi\u0105 ir slapt\u0105 lig\u0105. Ankstyvosiose stadijose ji dar gali b\u016bti i\u0161gydoma, pa\u0161alinus navik\u0105 chirurginiu b\u016bdu. Ta\u010diau metastazuojan\u010dios melanomos, kai v\u0117\u017ein\u0117s l\u0105stel\u0117s i\u0161plinta ir kituose audiniuose, gydymo galimyb\u0117s ribotos.&nbsp; Anot chemoterapeut\u0117s, pirmasis melanomos po\u017eymis &mdash; pakit\u0119s apgamas ar pigmentin\u0117 d\u0117m\u0117. Navikai atsiranda tiek \u012fgimtuose, tiek v\u0117liau atsiradusiuose apgamuose. Jei apgamas nesimetri\u0161kai did\u0117ja, pasikei\u010dia jo kra\u0161tas, \u0161vies\u0117ja ar tams\u0117ja, kraujuoja, i\u0161kyla, o gal visai i\u0161nyksta, &mdash; b\u016btina kreiptis \u012f medikus. Medik\u0117s pasakojimu, kartais gydytojai neaptinka melanomos \u017eidinio i\u0161oriniuose audiniuose. J\u0173 gali atsirasti akyje, gleivin\u0117se, vidaus organuose, kur taip pat yra melanocit\u0173.&nbsp;<br style=\"text-align: left; font-size: 12px !important\" \/><br \/>\n<br style=\"text-align: left; font-size: 12px !important\" \/><br \/>\nI\u0161sig\u0105sti reikia ne visada, nes odos pakitimas gali b\u016bti ir gerybinis. Nema\u017eai senyv\u0173 \u017emoni\u0173 \u012f medik\u0119 kreipiasi d\u0117l \u0161erpetojan\u010di\u0173, i\u0161kilusi\u0173 pigmentini\u0173 d\u0117mi\u0173 ar keratozi\u0173 (odos surag\u0117jim\u0173). Ta\u010diau jos teigimu, net ir gerybinius pakitimus patartina operuoti. &quot;\u017dmon\u0117s netur\u0117t\u0173 pasikliauti mitais, kad pajudinus apgam\u0105, jis i\u0161plis ir padid\u0117s v\u0117\u017eio tikimyb\u0117&quot; , &mdash; sako gydytoja. Ar navikas piktybinis, su\u017einoma tik po to, kai jis pa\u0161alinamas ir i\u0161tiriamas mikroskopu. Net ir pa\u0161alinus piktybin\u012f navik\u0105, jis gali i\u0161plisti \u012f kitus organus. Kuo anks\u010diau pa\u0161alinamas v\u0117\u017einis darinys, tuo ma\u017eesn\u0117 galimyb\u0117 ligai metastazuoti.&nbsp;<br style=\"text-align: left; font-size: 12px !important\" \/><br \/>\n<br style=\"text-align: left; font-size: 12px !important\" \/><br \/>\n<strong style=\"text-align: left; font-size: 12px !important\">Soliarium\u0173 \u017eala paai\u0161k\u0117s po 20 met\u0173&nbsp;<\/strong><br style=\"text-align: left; font-size: 12px !important\" \/><br \/>\nJ. Filipauskien\u0117 pa\u017eymi, kad kaip ir kit\u0173 onkologini\u0173 lig\u0173, melanomos prie\u017eastys gali b\u016bti m\u016bs\u0173 genetika, \u017ealingi aplinkos ir gyvenimo b\u016bdo faktoriai, imunin\u0117s sistemos nusilpimas. Bet did\u017eiausia rizika susirgti odos v\u0117\u017eiu ir <a href=\"https:\/\/pasveik.lt\/lt\/ligos-ir-sindromai\/melanoma\/72051\">melanoma<\/a> &mdash; saul\u0117s voni\u0173 m\u0117g\u0117jams. Kokia saul\u0117 kensmingesn\u0117 &mdash; nat\u016brali ar dirbtin\u0117 soliarium\u0173?&nbsp;&quot;Net negal\u0117\u010diau i\u0161skirti, kas kenksmingiau. \u0160iuolaiki\u0161ki soliariumai turi specialius ultravioletini\u0173 spinduli\u0173 filtrus, ta\u010diau tai, kas nat\u016bralu &mdash; visada geriau&quot;, &mdash; sako gydytoja. Anot jos, soliarium\u0173 \u017eala i\u0161ry\u0161k\u0117s po 20-ies met\u0173, kai pasens karta, kuri jais naudojasi.&nbsp;<br style=\"text-align: left; font-size: 12px !important\" \/><br \/>\n<br style=\"text-align: left; font-size: 12px !important\" \/><br \/>\n<strong style=\"text-align: left; font-size: 12px !important\">Degintis su saiku<\/strong>&nbsp;<br style=\"text-align: left; font-size: 12px !important\" \/><br \/>\nJ. Filipauskien\u0117 persp\u0117ja, kad degintis reikia saikingai, palaipsniui: &quot;Kai oda \u012fgauna rud\u0105 atspalv\u012f, ji geriau sugeria saul\u0117s spindulius ir suformuoja apsaugin\u012f skyd\u0105&bdquo;. Taip pat vert\u0117t\u0173 vengti saul\u0117s spinduli\u0173 nuo 11 iki 15 valandos&quot;.&nbsp; Nuo \u017ealingo saul\u0117s poveikio saugo ir special\u016bs kremai. Ta\u010diau anot medik\u0117s, norint i\u0161vengti saul\u0117s \u017ealos, b\u016btina laikytis nurodym\u0173. Apsaugin\u012f krem\u0105 reikia rinktis pagal odos tip\u0105. I\u0161 viso yra \u0161e\u0161i odos tipai, pradedant \u0161viesios odos, ugnini\u0173 plauk\u0173, m\u0117lyn\u0173 ar \u017eali\u0173 aki\u0173 \u017emon\u0117mis, kurie \u012fdega greitai ir raudonai, baigiant juodaod\u017eiais. Pastariesiems <a href=\"https:\/\/pasveik.lt\/lt\/ligos-ir-sindromai\/melanoma\/72051\">melanoma<\/a> neb\u016bdinga, o pavojingiausia ji &mdash; pirmo ir antro odos tipo \u017emon\u0117ms. Jie tur\u0117t\u0173 naudoti kremus su 50 procent\u0173 saul\u0117s spinduli\u0173 filtru (SPF).&nbsp;<br style=\"text-align: left; font-size: 12px !important\" \/><br \/>\n<br style=\"text-align: left; font-size: 12px !important\" \/><br \/>\nTepti krem\u0105 reikia pusvaland\u012f prie\u0161 deginantis, proced\u016br\u0105 kartoti kas por\u0105 valand\u0173 ar kaskart i\u0161simaud\u017eius, suprakaitavus. Be to, reikiamas kiekis visam k\u016bnui &mdash; apie 1-2 valgomuosius \u0161auk\u0161tus. J. Filipauskien\u0117 \u012fsp\u0117ja, kad apsauginiai kremai nuo saul\u0117s gali b\u016bti kenksmingi alergi\u0161kiems \u017emon\u0117ms. &quot;Taip pat yra teorij\u0173, kad j\u0173 sud\u0117tyje esantys metalai per od\u0105 patenka \u012f krauj\u0105 ir kaupiasi organizme. Kol kas tai tik mokslinink\u0173 teorijos, kurios dar n\u0117ra visi\u0161kai patvirtintos&quot;, &mdash; pasakoja gydytoja.&nbsp;<br style=\"text-align: left; font-size: 12px !important\" \/><br \/>\n<br style=\"text-align: left; font-size: 12px !important\" \/><br \/>\n<strong style=\"text-align: left; font-size: 12px !important\">Saul\u0117s vonios pavojingiausios vaikams&nbsp;<\/strong><br style=\"text-align: left; font-size: 12px !important\" \/><br \/>\nJ. Filipauskien\u0117 pa\u017eymi, kad saul\u0117 pavojingiausia vaikams, nes j\u0173 oda plona, jautri.&nbsp;Jei \u017emogus iki a\u0161tuoniolikos met\u0173 yra patyr\u0119s bent vien\u0105 stipr\u0173 nudegim\u0105 saul\u0117je su p\u016bsl\u0117mis, rizika susirgti <a href=\"https:\/\/pasveik.lt\/lt\/ligos-ir-sindromai\/melanoma\/72051\">melanoma<\/a> padid\u0117ja pustre\u010dio karto. <a href=\"https:\/\/pasveik.lt\/lt\/ligos-ir-sindromai\/melanoma\/72051\">Melanoma<\/a> da\u017eniau serga senyvo am\u017eiaus \u017emon\u0117s, ta\u010diau dabar medik\u0117 sulaukianti ir jaunesni\u0173 pacient\u0173 &mdash; trisde\u0161imtme\u010di\u0173.&nbsp;<br style=\"text-align: left; font-size: 12px !important\" \/><br \/>\n<br style=\"text-align: left; font-size: 12px !important\" \/><br \/>\n<strong style=\"text-align: left; font-size: 12px !important\">V\u0117\u017eys &mdash; imuniteto klaida&nbsp;<\/strong><br style=\"text-align: left; font-size: 12px !important\" \/><br \/>\nNurodyti tiksli\u0173 skai\u010di\u0173, kiek sergan\u010di\u0173j\u0173 <a href=\"https:\/\/pasveik.lt\/lt\/ligos-ir-sindromai\/melanoma\/72051\">melanoma<\/a> pasveiksta, gydytoja negal\u0117jo. Melanomai b\u016bdinga statistika &mdash; kaip ir kit\u0173 onkologini\u0173 lig\u0173: ketvirtos stadijos v\u0117\u017eiu sergan\u010di\u0173j\u0173 mirtingumas siekia apie 90 procent\u0173, tre\u010dios &mdash; 50-60 procent\u0173, pirmoje ir antroje stadijoje &mdash; 10 procent\u0173. Norint i\u0161vengti v\u0117\u017eini\u0173 susirgim\u0173, medik\u0117s teigimu, reikia laikytis sveiko gyvenimo taisykli\u0173, saugoti savo imunin\u0119 sistem\u0105, kuri\u0105 ypa\u010d veikia ilgalaikiai stresai, pervargimai.&nbsp; Kol imunitetas stiprus, pakitusios l\u0105stel\u0117s atmetamos. V\u0117\u017ein\u0117s l\u0105stel\u0117s &mdash; tai m\u016bs\u0173 imunin\u0117s sistemos klaidos.&nbsp;<\/div>\n<div style=\"text-align: justify; line-height: 15px; border-collapse: collapse; font-family: Arial, Verdana, Tahoma, sans-serif; color: rgb(70,75,84); font-size: 12px !important; -webkit-border-horizontal-spacing: 2px; -webkit-border-vertical-spacing: 2px\">&nbsp;<\/div>\n<div style=\"text-align: justify; line-height: 15px; border-collapse: collapse; font-family: Arial, Verdana, Tahoma, sans-serif; color: rgb(70,75,84); font-size: 12px !important; -webkit-border-horizontal-spacing: 2px; -webkit-border-vertical-spacing: 2px\">iMed<\/div>\n","protected":false},"excerpt":{"rendered":"<p>&nbsp;<span style=\"line-height: 15px; border-collapse: collapse; font-family: Arial, Verdana, Tahoma, sans-serif; color: rgb(70,75,84); -webkit-border-horizontal-spacing: 2px; -webkit-border-vertical-spacing: 2px\" class=\"Apple-style-span\">Orams \u012fkaitus vis daugiau \u017emoni\u0173 traukia \u012f papl\u016bdim\u012f m\u0117gautis saul\u0117s voniomis. Onkologijos konsultacin\u0117s poliklinikos ved\u0117ja Judita Filipauskien\u0117 persp\u0117ja, kad deginantis nesaikingai gresia melanoma.<\/span><span style=\"line-height: 15px; border-collapse: collapse; font-family: Arial, Verdana, Tahoma, sans-serif; color: rgb(70,75,84); font-size: 12px; -webkit-border-horizontal-spacing: 2px; -webkit-border-vertical-spacing: 2px\" class=\"Apple-style-span\">&nbsp;<\/span><\/p>\n","protected":false},"author":1,"featured_media":0,"comment_status":"open","ping_status":"closed","sticky":false,"template":"","format":"standard","meta":{"_acf_changed":false,"footnotes":""},"categories":[27313],"tags":[3,95],"site":[],"post_item_type":[27344],"class_list":["post-11050","post","type-post","status-publish","format-standard","hentry","category-gydymo-naujienos","tag-imunines","tag-vezys"],"acf":{"post_sites":false},"aioseo_notices":[],"_links":{"self":[{"href":"https:\/\/www.pasveik.lt\/lt\/wp-json\/wp\/v2\/posts\/11050","targetHints":{"allow":["GET"]}}],"collection":[{"href":"https:\/\/www.pasveik.lt\/lt\/wp-json\/wp\/v2\/posts"}],"about":[{"href":"https:\/\/www.pasveik.lt\/lt\/wp-json\/wp\/v2\/types\/post"}],"author":[{"embeddable":true,"href":"https:\/\/www.pasveik.lt\/lt\/wp-json\/wp\/v2\/users\/1"}],"replies":[{"embeddable":true,"href":"https:\/\/www.pasveik.lt\/lt\/wp-json\/wp\/v2\/comments?post=11050"}],"version-history":[{"count":0,"href":"https:\/\/www.pasveik.lt\/lt\/wp-json\/wp\/v2\/posts\/11050\/revisions"}],"wp:attachment":[{"href":"https:\/\/www.pasveik.lt\/lt\/wp-json\/wp\/v2\/media?parent=11050"}],"wp:term":[{"taxonomy":"category","embeddable":true,"href":"https:\/\/www.pasveik.lt\/lt\/wp-json\/wp\/v2\/categories?post=11050"},{"taxonomy":"post_tag","embeddable":true,"href":"https:\/\/www.pasveik.lt\/lt\/wp-json\/wp\/v2\/tags?post=11050"},{"taxonomy":"site","embeddable":true,"href":"https:\/\/www.pasveik.lt\/lt\/wp-json\/wp\/v2\/site?post=11050"},{"taxonomy":"post_item_type","embeddable":true,"href":"https:\/\/www.pasveik.lt\/lt\/wp-json\/wp\/v2\/post_item_type?post=11050"}],"curies":[{"name":"wp","href":"https:\/\/api.w.org\/{rel}","templated":true}]}}