{"id":11066,"date":"2010-07-22T18:00:00","date_gmt":"2010-07-22T18:00:00","guid":{"rendered":""},"modified":"2015-05-26T13:40:20","modified_gmt":"2015-05-26T13:40:20","slug":"valdzia-tyliai-laimina-kysius-vaistininkams","status":"publish","type":"post","link":"https:\/\/www.pasveik.lt\/lt\/sveikatos-ir-medicinos-naujienos\/valdzia-tyliai-laimina-kysius-vaistininkams\/11066\/","title":{"rendered":"Vald\u017eia tyliai laimina ky\u0161ius vaistininkams"},"content":{"rendered":"<p class=\"textas_str\">Iki \u0161iol vie\u0161a paslaptis buvo tai, kad farmacijos \u012fmon\u0117s papirkin\u0117ja gydytojus. Dabar vaist\u0173 gamintoj\u0173 bendrov\u0117s nebaud\u017eiamos t\u0105 pat\u012f gali daryti su Lietuvos vaistininkais. Tuo tarpu valstyb\u0117s institucijos prie\u0161 tokius faktus u\u017esimerkia.<\/p>\n<p class=\"textas_str\">Buvusio \u0161alies sveikatos apsaugos stratego Algio \u010capliko pa\u017eadai nu\u0117jo \u0161uniui ant uodegos.<\/p>\n<p class=\"textas_str\">Pernai jis patvirtino plan\u0105, kaip padaryti, kad ligoniai b\u016bt\u0173 geriau apr\u016bpinami vaistais, o j\u0173 kainos ma\u017e\u0117t\u0173.<\/p>\n<p class=\"textas_str\">Pagal \u0161\u012f plan\u0105 buvo apriboti vaist\u0173 antkainiai, o gydytojams nurodyta ra\u0161yti tik bendrini\u0173 pavadinim\u0173 vaist\u0173 receptus.<\/p>\n<p class=\"textas_str\">\u0160iame plane buvo numatyta ir tai, kad bus kompensuojami vaistai tik t\u0173 gamintoj\u0173, kurie yra deklarav\u0119, jog laikosi Vaist\u0173 rinkodaros etikos kodekso.<\/p>\n<p class=\"textas_str\">Farmacijos bendrovi\u0173, nusi\u017eengusi\u0173 etikai, vaistai tur\u0117jo b\u016bti braukiami i\u0161 kompensuojam\u0173j\u0173 s\u0105ra\u0161o.<\/p>\n<p class=\"textas_str\">\u0160i\u0105 nuostat\u0105 reik\u0117jo \u012fvykdyti 2010 met\u0173 pirm\u0105j\u012f ketvirt\u012f. Ta\u010diau to ne\u012fvyko.<\/p>\n<p class=\"skyrelis\">Ramyb\u0117 liko nesudrumsta<\/p>\n<p class=\"textas_str\">\u201eLietuvos ryto\u201c publikacija apie ind\u0173 farmacijos \u012fmon\u0117s \u201eRanbaxy Laboratories Limited\u201c (toliau \u2013 \u201eRanbaxy LL\u201c) galim\u0105 vaistinink\u0173 papirkin\u0117jim\u0105 nesudrumst\u0117 ramyb\u0117s valstyb\u0117s institucijose.<\/p>\n<p class=\"textas_str\">Nors buvo atskleista, kad \u012fmon\u0117 u\u017e tam tikr\u0105 kiek\u012f parduot\u0173 \u201eRanbaxy LL\u201c vaist\u0173 pakuo\u010di\u0173 vaistininkams atsid\u0117kodavo maisto kuponais, toks pardavimo skatinimas neu\u017ekliuvo kompensuojam\u0173j\u0173 vaist\u0173 kainyno projekt\u0105 parengusiai Sveikatos apsaugos ministerijai (SAM).<\/p>\n<p class=\"textas_str\">Palyginti pig\u016bs \u201eRanbaxy LL\u201c vaistai ir toliau siaurina vadinam\u0105j\u012f kain\u0173 koridori\u0173.<\/p>\n<p class=\"textas_str\">Pagal Vyriausyb\u0117s nutarim\u0105 vaistai, kuri\u0173 gamintoj\u0173 deklaruota kaina yra 60 proc. didesn\u0117 u\u017e ma\u017eiausi\u0105 tos pa\u010dios grup\u0117s vaist\u0173 kain\u0105, nebus kompensuojami.<\/p>\n<p class=\"skyrelis\">Kontrolieriai \u2013 bej\u0117giai<\/p>\n<p class=\"textas_str\">Etini\u0173 farmacijos kompanij\u0173 asociacija (EFA) \u201eRanbaxy LL\u201c veikl\u0105 apskund\u0117 Valstybinei vaist\u0173 kontrol\u0117s tarnybai (VVKT).<\/p>\n<p class=\"textas_str\">Atrodyt\u0173, kad tarnyba net ne\u017eino, koki\u0173 priemoni\u0173 imtis, \u2013 jai es\u0105 tr\u016bksta \u012frodym\u0173.<\/p>\n<p class=\"textas_str\">\u201eKas sak\u0117, kad vaistininkai ar vaistini\u0173 tinklai \u0161ventesni u\u017e gydytojus?\u201c \u2013 i\u0161tar\u0117 VVKT vir\u0161ininkas Gintautas Barcys, paklaustas, ar tarnyba \u017eino apie vaistinink\u0173 papirkin\u0117jim\u0105.<\/p>\n<p class=\"textas_str\">Jo tvirtinimu, farmacijos \u012fmon\u0117ms, tik\u0117tina, labiau nei pavieniai vaistininkai r\u016bpi vaistini\u0173 tinklai. Jie materialiai skatinami suteikiant \u012fvairi\u0173 nuolaid\u0173 vaistams. Vaistai parduodami u\u017e reali\u0105 kain\u0105, o nuolaidos lieka tinklams.<\/p>\n<p class=\"textas_str\">\u201e\u0160iuo metu daroma pakeitim\u0173 teis\u0117s aktuose.<\/p>\n<p class=\"textas_str\">Kad nuolaidos atitekt\u0173 pacientams, gamintojai jas tur\u0117s deklaruoti\u201c, \u2013 ai\u0161kino G.Barcys.<\/p>\n<p class=\"skyrelis\">Teis\u0117s akt\u0173 u\u017euov\u0117ja<\/p>\n<p class=\"textas_str\">Koki\u0173 sprendim\u0173 pri\u0117m\u0117 vaistin\u0117s, kurios buvo skatinamos parduoti kuo daugiau pigi\u0173 indi\u0161k\u0173 vaist\u0173?\u00a0<\/p>\n<p class=\"textas_str\">Anot Nepriklausom\u0173 farmacijos \u012fmoni\u0173 asociacijos prezident\u0117s Elenos Kvedarien\u0117s, \u201eRanbaxy LL\u201c vaistai \u201e<a href=\"https:\/\/pasveik.lt\/lt\/vaistai\/enhancin\/7082\">Enhancin<\/a>\u201c ir \u201eKlabax\u201c \u012ftraukti \u012f vaistin\u0117je privalom\u0173 tur\u0117ti kompensuojam\u0173j\u0173 vaist\u0173 s\u0105ra\u0161\u0105.<\/p>\n<p class=\"textas_str\">\u0160\u012f s\u0105ra\u0161\u0105 \u0161iemet kov\u0105 patvirtino Valstybin\u0117s ligoni\u0173 kasos direktorius Algis Sasnauskas.<\/p>\n<p class=\"textas_str\">\u201eSveikatos apsaugos ministras taip pat yra i\u0161leid\u0119s \u012fsakym\u0105, pagal kur\u012f vaistin\u0117s ne tik privalo tur\u0117ti, bet ir pirmiausia pasi\u016blyti pacientams pigiausi\u0105 preparat\u0105 i\u0161 analogi\u0161k\u0173 kompensuojam\u0173j\u0173 vaist\u0173\u201c, \u2013 paai\u0161kino E.Kvedarien\u0117.<\/p>\n<p class=\"textas_str\">Jos teigimu, vaistininkai laikosi \u0161i\u0173 nurodym\u0173. Tod\u0117l pigesni\u0173 vaist\u0173 pardavimas vaistin\u0117se savaime padid\u0117jo: es\u0105 vaistininkai nepelnytai kaltinami tuo, kad yra papirkin\u0117jami.<\/p>\n<p class=\"skyrelis\">Kalt\u0119 ver\u010dia konkurentams<\/p>\n<p class=\"textas_str\">Tuo tarpu \u201eRanbaxy LL\u201c vadov\u0117 Baltijos regiono \u0161alims Aist\u0117 Ju\u0161kevi\u010dien\u0117 ai\u0161kino, kad dauguma vaist\u0173 gamintoj\u0173 nenori ma\u017einti kain\u0173, teigdami, kad tai ne\u012fmanoma. Tod\u0117l es\u0105 imasi puolimo.<\/p>\n<p class=\"textas_str\">\u201eM\u016bs\u0173 atstovaujama \u012fmon\u0117 pirmoji Lietuvoje suma\u017eino savo gaminam\u0173 vaist\u0173 kainas.<\/p>\n<p class=\"textas_str\">Tod\u0117l m\u016bs\u0173 nenustebino konkuruojan\u010di\u0173 \u012fmoni\u0173 provokacijos. Bet siekdami mus kompromituoti konkurentai \u012ftraukia ir vaistines\u201c, \u2013 d\u0117st\u0117 A.Ju\u0161kevi\u010dien\u0117.<\/p>\n<p class=\"skyrelis\">Institucijos \u2013 ne\u012fgalios<\/p>\n<p class=\"textas_str\">Reklaminiai renginiai u\u017esienyje, \u012f kuriuos ve\u017eami gydytojai ir j\u0173 \u0161eim\u0173 nariai, jau tapo kasdienybe.<\/p>\n<p class=\"textas_str\">Vienos farmacijos \u012fmon\u0117s vie\u0161ai deklaruoja, kiek gydytoj\u0173 par\u0117m\u0117, kokiame renginyje ir kada jie dalyvavo, o kitos visa tai daro slap\u010dia.<\/p>\n<p class=\"textas_str\">Dabar toki\u0105 savo neeti\u0161k\u0105 veikl\u0105 farmacijos bendrov\u0117s perk\u0117l\u0117 \u012f vaistines.<\/p>\n<p class=\"textas_str\">Tuo tarpu valstyb\u0117s institucijos ne\u012fgalios u\u017ekirsti tam kelio.<\/p>\n<p class=\"textas_str\">Jos lieka nuo\u0161al\u0117je, nors Vaist\u0173 rinkodaros etikos kodekso reikalavim\u0173 nepaisan\u010dios gamintojams atstovaujan\u010dios farmacijos \u012fmon\u0117s yra maitinamos Privalomojo sveikatos draudimo fondo pinigais.<\/p>\n<p class=\"textas_str\">Pavyzd\u017ei\u0173, liudijan\u010di\u0173 apie valstyb\u0117s institucij\u0173 neveiklum\u0105, netr\u016bksta.<\/p>\n<p class=\"skyrelis\">Atlygis \u2013 turistin\u0117 kelion\u0117<\/p>\n<p class=\"textas_str\">\u201eNesupratome, kod\u0117l gydytojai prad\u0117jo ra\u0161yti tiek daug \u201eNebivololum\u201c grup\u0117s vaist\u0173 recept\u0173: \u0161\u012fmet saus\u012f ir vasar\u012f smarkiai padid\u0117jo \u0161i\u0173 vaist\u0173, skiriam\u0173 auk\u0161tam kraujosp\u016bd\u017eiui gydyti, pardavimas\u201c, \u2013 kalb\u0117jo Alytuje esan\u010dios vaistin\u0117s savinink\u0117 ir vadov\u0117 Snieguol\u0117 Ki\u0161kien\u0117.<\/p>\n<p class=\"textas_str\">Tuo metu gydytojai kompensuojam\u0173j\u0173 vaist\u0173 receptus dar gal\u0117jo ra\u0161yti kartu su bendriniu pavadinimu nurodydami ir prekin\u012f.<\/p>\n<p class=\"textas_str\">Be to, gydytojai receptuose lyg niekur nieko nurodydavo vaist\u0173 gamintojo pavadinim\u0105.<\/p>\n<p class=\"textas_str\">Kod\u0117l Alytuje padid\u0117jo vienos farmacijos bendrov\u0117s vaist\u0173 pardavimas, greitai paai\u0161k\u0117jo: kovo viduryje bendrov\u0117 \u201eActavis Baltics\u201c bendrosios praktikos gydytojus savaitei i\u0161skraidino \u012f Tel Aviv\u0105 Izraelyje.<\/p>\n<p class=\"textas_str\">Tuo metu kelione besidomin\u010diam \u201eLietuvos rytui\u201c bendrov\u0117 \u201eActavis Baltics\u201c nesuteik\u0117 jokios informacijos apie kelion\u0117s tiksl\u0105.<\/p>\n<p class=\"textas_str\">Pernai \u0161i bendrov\u0117 gydytojus psichiatrus ir j\u0173 \u0161eimas pamalonino kelione \u012f Reikjavik\u0105 Islandijoje.<\/p>\n<p class=\"skyrelis\">Geriausia \u2013 nesiki\u0161ti?<\/p>\n<p class=\"textas_str\">\u201eN\u0117 viena valstyb\u0117s institucija, kuri tur\u0117t\u0173 dom\u0117tis pa\u017eeidimais farmacijos finans\u0173 srityje, to nedaro\u201c, \u2013 sak\u0117 Etini\u0173 farmacijos kompanij\u0173 asociacijos (EFA) direktor\u0117 Jolanta Di\u010dkut\u0117.<\/p>\n<p class=\"textas_str\">Pavyzd\u017eiui, pra\u0161ydama pa\u017eaboti neeti\u0161k\u0105 \u201eActavis Baltics\u201c elges\u012f, EFA kreip\u0117si \u012f valstyb\u0117s institucijas: Sveikatos apsaugos ministerij\u0105 (SAM), Speciali\u0173j\u0173 tyrim\u0173 tarnyb\u0105 (STT), Finansini\u0173 nusikaltim\u0173 tyrimo tarnyb\u0105 (FNTT), Valstybin\u0119 mokes\u010di\u0173 inspekcij\u0105 (VMI), Vyriausi\u0105j\u0105 tarnybin\u0117s etikos komisij\u0105 (VTEK), Prezidento kanceliarij\u0105.<\/p>\n<p class=\"textas_str\">\u012e visas \u0161ias institucijas EFA kreip\u0117si ir pernai gruod\u012f d\u0117l kitos farmacijos \u012fmon\u0117s \u2013 bendrov\u0117s \u201eKRKA Lietuva\u201c tariamai neeti\u0161kos veiklos. Abiem atvejais STT neprad\u0117jo tyrimo \u2013 es\u0105 tam n\u0117ra teisinio pagrindo.<\/p>\n<p class=\"textas_str\">\u201eSkund\u017eiam\u0173 bendrovi\u0173 veiksmai pa\u017eeid\u017eia Vaist\u0173 rinkodaros etikos kodekso normas. Tirti \u0161i\u0173 aplinkybi\u0173 neturime \u012fgaliojim\u0173\u201c, \u2013 atsimu\u0161\u0117 ir FNTT.<\/p>\n<p class=\"textas_str\">VMI pa\u017ead\u0117jo \u201espr\u0119sti klausim\u0105 d\u0117l bendrovi\u0173 mokestini\u0173 prievoli\u0173 vykdymo\u201c.<\/p>\n<p class=\"textas_str\">VTEK atsisak\u0117 prad\u0117ti tyrim\u0105 paai\u0161kinusi, kad vertina tik valstybin\u0117je tarnyboje dirban\u010di\u0173 asmen\u0173 elges\u012f.<\/p>\n<p class=\"textas_str\">Prezidento kanceliarija abiem atvejais \u012fpareigojo VVKT suteikti informacij\u0105 apie atliekamus tyrimus, nes \u201evienos farmacijos kompanijos neeti\u0161kas elgesys gali labai pakenkti Lietuvos farmacijos rinkos \u012fvaizd\u017eiui\u201c.<\/p>\n<p class=\"skyrelis\">Kokyb\u0117 kelia abejoni\u0173<\/p>\n<p class=\"textas_str\">J.Di\u010dkut\u0117 mano, kad tokiu b\u016bdu valstyb\u0117, kurios institucijos neu\u017ekerta kelio pa\u017eeidimams, palaiko s\u0105lygi\u0161kai pigius generinius vaistus (originali\u0173 vaist\u0173 kopijas) gaminan\u010dias \u012fmones.<\/p>\n<p class=\"textas_str\">\u201ePigius, nes j\u0173 kokyb\u0117 \u2013 abejotina: registruojant generinius vaistus, nereikalaujama atlikti vadinam\u0173j\u0173 bioekvivalenti\u0161kumo (lyginam\u0173j\u0173) tyrim\u0173, kurie atskleist\u0173 skirtumus tarp j\u0173 ir originali\u0173 vaist\u0173.<\/p>\n<p class=\"textas_str\">Be to, generini\u0173 vaist\u0173 gamintojai dempinguoja kainas: kiti vaistai negali jiems prilygti net pagal savikain\u0105\u201c, \u2013 kalb\u0117jo EFA vadov\u0117.<\/p>\n<p class=\"textas_str\">Be to, tik dalis generinius vaistus gaminan\u010di\u0173 \u012fmoni\u0173 Lietuvoje \u012fsteig\u0117 bendroves.<\/p>\n<p class=\"textas_str\">Da\u017eniausiai m\u016bs\u0173 rinkoje jos turi atstovybi\u0173 arba filial\u0173, kurie nemoka mokes\u010di\u0173 \u012f Lietuvos biud\u017eet\u0105.<\/p>\n<p class=\"skyrelis\">Nemoka mokes\u010di\u0173 valstybei<\/p>\n<p class=\"textas_str\">Penkios EFA priklausan\u010dios \u012fmon\u0117s patenka \u012f did\u017eiausi\u0173 mokes\u010di\u0173 mok\u0117toj\u0173 Lietuvoje \u0161imtuk\u0105.<\/p>\n<p class=\"textas_str\">Pavyzd\u017eiui, bendrov\u0117 \u201eRoche Lietuva\u201c pra\u0117jusiais metais per 10 m\u0117nesi\u0173 sumok\u0117jo ma\u017edaug tiek mokes\u010di\u0173 (apie 20 mln. lit\u0173), kiek ir bendrov\u0117 \u201eNorfos ma\u017emena\u201c; \u201eGlaxoSmithKline\u201c bendrov\u0117 (apie 15 mln. lit\u0173) \u2013 kiek koncernas \u201eAchemos grup\u0117\u201c.\u00a0<\/p>\n<p class=\"textas_str\">\u201eTuo tarpu generini\u0173 vaist\u0173 gamintojai ne tik nemoka mokes\u010di\u0173 biud\u017eetui, bet ir elgiasi neeti\u0161kai: papirkin\u0117ja gydytojus kelion\u0117mis, dovanoja vaistininkams kuponus. Matyt, tam turi \u0161e\u0161\u0117lini\u0173 pinig\u0173\u201c, \u2013 ai\u0161kino J.Di\u010dkut\u0117.<\/p>\n<p class=\"skyrelis\">Ne\u017eino, kaip priversti elgtis eti\u0161kai<\/p>\n<p class=\"skyrelis\">Martynas Marcinkevi\u010dius<\/p>\n<p class=\"textas_str\">Sveikatos apsaugos ministro patar\u0117jas farmacijos klausimais<\/p>\n<p class=\"textas_str\">\u201eBendrinis vaist\u0173 pavadinimas receptuose ir monitoriai vaistin\u0117se prekyb\u0105 vaistais daro skaidresn\u0119.<\/p>\n<p class=\"textas_str\">Bet nuostata d\u0117l Vaist\u0173 rinkodaros etikos kodekso, \u012fra\u0161yta \u012f Vaist\u0173 prieinamumo gerinimo ir kain\u0173 ma\u017einimo plan\u0105, kol kas lieka ne\u012fgyvendinta.<\/p>\n<p class=\"textas_str\">Buvo ketinim\u0173 u\u017e etikos pa\u017eeidimus bendrovi\u0173 vaistus i\u0161braukti i\u0161 Lietuvos vaist\u0173 registro ar kompensuojam\u0173j\u0173 vaist\u0173 kainyno. Bet i\u0161kilo teisini\u0173 sunkum\u0173.<\/p>\n<p class=\"textas_str\">Vienas j\u0173 \u2013 dauguma vaist\u0173 registruojami Europos vaist\u0173 agent\u016broje. Kitas \u2013 kaip i\u0161braukti i\u0161 kainyno etik\u0105 pa\u017eeidusi\u0173 gamintoj\u0173 vaistus, jei jie \u2013 pigiausi?<\/p>\n<p class=\"textas_str\">Tai susij\u0119 su Privalomojo sveikatos draudimo fondo pinigais: i\u0161laidos vaistams kompensuoti padid\u0117t\u0173. Be to, ir teismuose ne\u012fstengtume apsiginti.<\/p>\n<p class=\"textas_str\">Farmacijos bendrov\u0117s \u2013 komercin\u0117s organizacijos. Mechanizmo, kaip priversti jas elgtis eti\u0161kai, n\u0117ra.<\/p>\n<p class=\"textas_str\">Kas kita, kai pa\u017eeid\u017eiama ne etika, bet teis\u0117s aktai, pavyzd\u017eiui, vaist\u0173 reklamos taisykl\u0117s. U\u017e tokius nusi\u017eengimus \u012fmanoma skirti administracini\u0173 baud\u0173.\u201c<\/p>\n<p class=\"skyrelis\">Ataskaitos \u2013 tik kart\u0105 per metus<\/p>\n<p class=\"textas_str\">* Kart\u0105 per metus, iki vasario 1-osios, farmacijos bendrov\u0117s turi pateikti VVKT ataskaitas apie met\u0173 i\u0161laidas, skirtas renginiams ir juose dalyvavusiems specialistams.<\/p>\n<p class=\"textas_str\">* VVKT duomenimis, kuriuos tarnyba gavo baland\u012f, \u201eActavis Baltics\u201c apmok\u0117jo trisde\u0161imties gydytoj\u0173 kelion\u0117s, apgyvendinimo, maitinimo ir registracijos mokest\u012f savait\u0119 trukusioje konferencijoje. Ji buvo skirta pneumokok\u0173 sukeliamoms ligoms.<\/p>\n<p class=\"textas_str\">* Medik\u0173 kelion\u0117s \u012f Islandij\u0105 bendrov\u0117 ne\u012fsteng\u0117 pateisinti: \u201eActavis Baltics\u201c vadovui d\u0117l galb\u016bt pa\u017eeisto Farmacijos \u012fstatymo sura\u0161ytas administracini\u0173 teis\u0117s pa\u017eeidim\u0173 protokolas. J\u012f \u0161iuo metu nagrin\u0117ja teismas.<\/p>\n<p class=\"textas_str\">* Bendrov\u0117s \u201eKRKA Lietuva\u201c vadovas apylink\u0117s teismo sprendimu \u0161i\u0173 met\u0173 baland\u012f buvo pripa\u017eintas kaltu padar\u0119s administracini\u0173 teis\u0117s pa\u017eeidim\u0173: nepateik\u0117 informacijos apie i\u0161laidas reklaminiams renginiams ir gydytoj\u0173 dalyvavim\u0105 juose.<\/p>\n<p class=\"textas_str\">Audr\u0117 Sr\u0117balien\u0117<\/p>\n<p class=\"textas_str\">L.Rytas<\/p>\n","protected":false},"excerpt":{"rendered":"<p>Iki \u0161iol vie\u0161a paslaptis buvo tai, kad farmacijos \u012fmon\u0117s papirkin\u0117ja gydytojus. Dabar vaist\u0173 gamintoj\u0173 bendrov\u0117s nebaud\u017eiamos t\u0105 pat\u012f gali daryti su Lietuvos vaistininkais. Tuo tarpu valstyb\u0117s institucijos prie\u0161 tokius faktus u\u017esimerkia. Buvusio \u0161alies sveikatos apsaugos stratego Algio \u010capliko pa\u017eadai nu\u0117jo \u0161uniui ant uodegos. Pernai jis patvirtino plan\u0105, kaip padaryti, kad ligoniai b\u016bt\u0173 geriau apr\u016bpinami vaistais,&#8230;<\/p>\n","protected":false},"author":1,"featured_media":0,"comment_status":"open","ping_status":"closed","sticky":false,"template":"","format":"standard","meta":{"_acf_changed":false,"footnotes":""},"categories":[27313],"tags":[205,138],"site":[],"post_item_type":[27344],"class_list":["post-11066","post","type-post","status-publish","format-standard","hentry","category-gydymo-naujienos","tag-gydytojai","tag-vaistai"],"acf":{"post_sites":false},"aioseo_notices":[],"_links":{"self":[{"href":"https:\/\/www.pasveik.lt\/lt\/wp-json\/wp\/v2\/posts\/11066","targetHints":{"allow":["GET"]}}],"collection":[{"href":"https:\/\/www.pasveik.lt\/lt\/wp-json\/wp\/v2\/posts"}],"about":[{"href":"https:\/\/www.pasveik.lt\/lt\/wp-json\/wp\/v2\/types\/post"}],"author":[{"embeddable":true,"href":"https:\/\/www.pasveik.lt\/lt\/wp-json\/wp\/v2\/users\/1"}],"replies":[{"embeddable":true,"href":"https:\/\/www.pasveik.lt\/lt\/wp-json\/wp\/v2\/comments?post=11066"}],"version-history":[{"count":0,"href":"https:\/\/www.pasveik.lt\/lt\/wp-json\/wp\/v2\/posts\/11066\/revisions"}],"wp:attachment":[{"href":"https:\/\/www.pasveik.lt\/lt\/wp-json\/wp\/v2\/media?parent=11066"}],"wp:term":[{"taxonomy":"category","embeddable":true,"href":"https:\/\/www.pasveik.lt\/lt\/wp-json\/wp\/v2\/categories?post=11066"},{"taxonomy":"post_tag","embeddable":true,"href":"https:\/\/www.pasveik.lt\/lt\/wp-json\/wp\/v2\/tags?post=11066"},{"taxonomy":"site","embeddable":true,"href":"https:\/\/www.pasveik.lt\/lt\/wp-json\/wp\/v2\/site?post=11066"},{"taxonomy":"post_item_type","embeddable":true,"href":"https:\/\/www.pasveik.lt\/lt\/wp-json\/wp\/v2\/post_item_type?post=11066"}],"curies":[{"name":"wp","href":"https:\/\/api.w.org\/{rel}","templated":true}]}}