{"id":11068,"date":"2010-07-20T18:00:00","date_gmt":"2010-07-20T18:00:00","guid":{"rendered":""},"modified":"2016-03-24T16:01:47","modified_gmt":"2016-03-24T16:01:47","slug":"pacientai-kovoja-uz-savo-teises","status":"publish","type":"post","link":"https:\/\/www.pasveik.lt\/lt\/sveikatos-ir-medicinos-naujienos\/pacientai-kovoja-uz-savo-teises\/11068\/","title":{"rendered":"Pacientai kovoja u\u017e savo teises"},"content":{"rendered":"<p>\u00a0<\/p>\n<p><b>Lietuvos pacient\u0173 organizacij\u0173 atsakymas \u012f 2010 m. liepos 9 d. paskelbt\u0105 Sveikatos apsaugos ministro Raimondo \u0160ukio parei\u0161kim\u0105<\/b> <b>Liepos 9d. internetinis naujien\u0173 portalas \u201eDelfi\u201c publikavo LR Sveikatos apsaugos ministro Raimondo \u0160ukio pasisakym\u0105 apie, pasak jo, <span>pastaruoju metu augan\u010di\u0105 neigiam\u0105 tendencij\u0105, kai \u2013cituojame &#8211; \u201evaist\u0173 pardav\u0117jai, neeti\u0161kai pasinaudodami visuomenin\u0117mis pacient\u0173 organizacijomis, kurias, beje, patys finansi\u0161kai remia, daro <a href=\"http:\/\/www.delfi.lt\/news\/daily\/Health\/sergantieji-nuogastauja-kad-tures-daugiau-primoketi-uz-modernius-parkinsono-ligos-vaistus.d?id=34275287\" target=\"_blank\"><span>spaudim\u0105<\/span> <\/a>valstybin\u0117ms institucijoms, kad b\u016bt\u0173 priimti j\u0173 verslui palank\u016bs sprendimai\u201c.<\/span><\/b> <b>Mes, grup\u0117 pacient\u0173 organizacij\u0173 atstov\u0173, manome, kad turime atsakyti \u012f nemotyvuotus ir nepagr\u012fstus kaltinimus, kuriuos tegalime pavadinti negra\u017eia ir negarbinga Sveikatos apsaugos ministerijos vie\u0161\u0173j\u0173 ry\u0161i\u0173 kampanija, bei dar kart\u0105 vie\u0161ai pakviesti sveikatos politikos formuotojus konstruktyviai bendradarbiauti.<\/b> \u00a0 <i>\u201eFormuojasi labai bloga tradicija, kuomet vaist\u0173 pardav\u0117jai pasinaudodami \u012fvairiomis, da\u017eniausiai l\u0117tin\u0117mis ligomis, sergan\u010di\u0173 pacient\u0173 organizacijomis kryptingai, u\u017e pinigus formuoja neigiam\u0105 vie\u0161\u0105 nuomon\u0119 apie Sveikatos apsaugos ministerijos vykdom\u0105 vaist\u0173 kain\u0173 ma\u017einimo politik\u0105 ir taip daro spaudim\u0105 valstybin\u0117ms institucijoms, siekdami ne pacient\u0173 gerov\u0117s, o dar didesni\u0173 peln\u0173 sau. Paprastai vie\u0161as akcijas ar spaudos konferencijas rengia ne vaist\u0173 pardav\u0117jai, o visuomenin\u0117s pacient\u0173 organizacijos, kurios \u201epamir\u0161ta\u201c pasakyti, kad jas pa\u010dias finansi\u0161kai remia konkretaus vaisto atsiradimu ar i\u0161likimu valstyb\u0117s kompensuojam\u0173j\u0173 vaistini\u0173 preparat\u0173 s\u0105ra\u0161e suinteresuoti stambi\u0173 vaist\u0173 gamintoj\u0173 atstovai\u201c, &#8211; pastebi sveikatos apsaugos ministras Raimondas \u0160ukys. <\/i> <b>M\u016bs\u0173 vadovaujam\u0173 aktyvi\u0173 pacient\u0173 organizacij\u0173 vardu atsakingai parei\u0161kiame, kad tai \u2013 netiesa. <\/b> Pacient\u0173 organizacij\u0173 r\u0117m\u0117jai skelbiami vie\u0161ose internetin\u0117se svetain\u0117se, paramos teikiamos pagal sutartis, l\u0117\u0161\u0173 panaudojimas atsispindi finansin\u0117se ataskaitose. Paskutiniu metu visuomenin\u0117s pacient\u0173 organizacijos vis da\u017eniau vie\u0161ai kalba apie pacient\u0173, negaunan\u010di\u0173 jiems gyvybi\u0161kai b\u016btino modernaus medikamentinio gydymo, laukian\u010dias gr\u0117smes. Labai apmaudu, kad problem\u0173 vie\u0161inimas sukelia ne u\u017e jas atsaking\u0173 vald\u017eios institucij\u0173 susir\u016bpinim\u0105 ir veiklum\u0105, o pasipiktinim\u0105 ir agresij\u0105. Pacient\u0173 organizacijos operuoja skai\u010diais ir faktais, kurie da\u017enai n\u0117ra patog\u016bs l\u0117tai sprendim\u0173 ie\u0161kantiems valdininkams. Ta\u010diau visuomeninink\u0173 pastangos atkreipti vald\u017eios vyr\u0173 d\u0117mes\u012f \u012f silpniausios visuomen\u0117s grandies \u2013 pacient\u0173 \u2013 problemas, jokiu b\u016bdu negali b\u016bti traktuojamos kaip, anot ministro, \u201e<span>neigiamos vie\u0161os nuomon\u0117s apie Sveikatos apsaugos ministerijos vykdom\u0105 vaist\u0173 kain\u0173 ma\u017einimo politik\u0105 formavimas u\u017e pinigus\u201c \u2013 pacient\u0173 organizacij\u0173 veikos tikslas \u2013 visokeriopa parama ir pagalba j\u0173 atstovaujamiems pacientams.<\/span> Norime atkreipti d\u0117mes\u012f \u012f tai, kad pacient\u0173 organizacijos, kaip ir daugelis kit\u0173 visuomenini\u0173 organizacij\u0173, i\u0161gyvena i\u0161 \u017emoni\u0173 auk\u0173, verslo bei nedidele dalimi vald\u017eios institucij\u0173 teikiamos projektin\u0117s paramos. Pacient\u0173 organizacijos visas gautas l\u0117\u0161as naudoja savo \u012fstatuose grie\u017etai numatytai veiklai vykdyti ir, skirtingai ministro parei\u0161kimams, \u0161ios veiklos niekada ne\u012ftakojo ir ne\u012ftakoja paramos dav\u0117j\u0173 valia. Visi r\u0117m\u0117jai yra vie\u0161inami pacient\u0173 organizacijos tinklapiuose. <i>Ministras teigia, kad pacient\u0173 organizacijos nebendradarbiauja su gydytojais ir sveikatos apsaugos institucijomis: \u201e<span>kai kuri\u0173 pacient\u0173 interesams atstovaujan\u010dios organizacijos u\u017euot kartu su valstyb\u0117s institucijomis, medikais bendrai siekusios, kad \u012f Lietuv\u0105 \u012fve\u017eam\u0173 vaist\u0173 kainos ma\u017e\u0117t\u0173, \u201eu\u017esiima neeti\u0161ku vaist\u0173 gamintoj\u0173 lobizmu, reikalaudamos konkre\u010diai ligoni\u0173 grupei aktualaus, i\u0161skirtinio, mechaninio vaist\u0173 kompensavimo\u201c.<\/span><\/i> <b>M\u016bs\u0173 vadovaujam\u0173 aktyvi\u0173 pacient\u0173 organizacij\u0173 vardu atsakingai parei\u0161kiame, kad tai \u2013 netiesa. <\/b> D\u017eiaugiam\u0117s gal\u0117dami pasakyti, kad geriausi m\u016bs\u0173 partneriai yra gydytojai specialistai, puikiai i\u0161manantys savo darb\u0105, \u017einantys ir palaikantys pacient\u0173 l\u016bkes\u010dius. Pacient\u0173 organizacijos glaud\u017eiai bendradarbiauja su savo srities gydytoj\u0173 organizacijomis. Kuriamos bendros veiklos strategijos, kuri\u0173 tikslas, kaip jau min\u0117jome \u2013 pacient\u0173 gerov\u0117. Susidariusi pad\u0117tis medikams yra taip pat pra\u017e\u016btinga, kaip pacientams, jie atsiduria ned\u0117kingoje ir neeti\u0161koje gyvyb\u0117s l\u0117m\u0117jo rol\u0117je: gydytojai ribojami \u012fvairiomis kvotomis, reikalavimais ma\u017einti kompensuojam\u0173 vaist\u0173 skyrim\u0105 ligoniams, net jei tai gyvybi\u0161kai svarb\u016bs vaistai. D\u0117l tokios praktikos gydytojai neturi galimyb\u0117s suteikti net tok\u012f gydym\u0105, koks numatytas ir taip apribotuose gydymo algoritmuose. Jie priversti spr\u0119sti, kam skirti visavert\u012f gydym\u0105, o kam taikyti apribojimus. Gaila, kad atskir\u0173 profili\u0173 visuomenin\u0117s medik\u0173 specialist\u0173 organizacijos ne visada i\u0161dr\u012fsta vie\u0161ai apie tai kalb\u0117ti, o i\u0161dr\u012fsusios &#8211; nesulaukia deramo sveikatos politik\u0173 d\u0117mesio bei palaikymo. Pacient\u0173 organizacijos visokeriopai stengiasi bendradarbiauti su sveikatos apsaugos institucijomis: teikia bendros veiklos pasi\u016blymus, projektus, praeitais metais aktyviai dalyvavo Pacient\u0173 tarybos prie SAM veikloje, organizuoja konferencijas, diskusijas, kvie\u010dia specialistus, rengia parodas ir susitikimus, leid\u017eia b\u016btin\u0105 informacin\u0119 literat\u016br\u0105 pacientams etc. Jos siekia konstruktyvaus bendradarbiavimo su SAM bei VLK. Ta\u010diau da\u017enai \u0161is bendradarbiavimas i\u0161 vald\u017eios institucij\u0173 pus\u0117s suvokiamas labai formaliai, atmetamas bet koks pacient\u0173 organizacij\u0173 dalyvavimas sveikatos politikos formavime, da\u017enai elgiamasi veidmaini\u0161kai, cini\u0161kai bei stagnaci\u0161kai \u2013 u\u017euot ie\u0161koj\u0119 i\u0161ei\u010di\u0173, valdininkai pacient\u0173 organizacijas paver\u010dia savo ir verslo strukt\u016br\u0173 komplikuot\u0173 santyki\u0173 \u012fkait\u0117mis. \u0160\u012f ministro R. \u0160ukio pasisakym\u0105 traktuojame kaip negarbing\u0105 Lietuvos mokes\u010di\u0173 mok\u0117toj\u0173 l\u0117\u0161omis apmokam\u0105 SAM vie\u0161\u0173j\u0173 ry\u0161i\u0173 akcij\u0105, nukreipt\u0105 prie\u0161 teis\u0117t\u0105 konstitucin\u0119 pacient\u0173 organizacij\u0173 veikl\u0105 Manytume, jog nors ministras poste ir neseniai, prie\u0161 darydamas vie\u0161us kaltinan\u010dius parei\u0161kimus, gal\u0117t\u0173 susitikti su pacient\u0173 organizacij\u0173 atstovais, susipa\u017einti ir i\u0161klausyti. Deja, tam laiko jis dar nerado. Tod\u0117l\u00a0ministro \u017einiai parei\u0161kiame: pacient\u0173 organizacijos visais savo legaliais ir deklaruotais veiksmais siekia, kad m\u016bs\u0173 \u0161alies \u017emon\u0117s tausot\u0173 sveikat\u0105, gal\u0117t\u0173 naudotis visiems vienodai pasiekiama modernia ir savalaike lig\u0173 diagnostika, gaut\u0173 visavert\u012f gydym\u0105, slaug\u0105 ir, blogiausiu atveju, &#8211; galimyb\u0119 oriai numirti. <b>Lietuvos pacient\u0173 organizacijos atsakingai parei\u0161kia:<\/b> \u00b7<span>\u00a0\u00a0\u00a0\u00a0\u00a0\u00a0\u00a0\u00a0\u00a0\u00a0\u00a0\u00a0\u00a0\u00a0\u00a0\u00a0 <\/span>netiesa, kad pacient\u0173 organizacijos kryptingai, u\u017e pinigus, dalyvauja formuojat neigiam\u0105 vie\u0161\u0105 nuomon\u0119 apie Sveikatos apsaugos ministerijos vykdom\u0105 vaist\u0173 kain\u0173 ma\u017einimo politik\u0105 ir taip daro spaudim\u0105 valstybin\u0117ms institucijoms, \u00b7<span>\u00a0\u00a0\u00a0\u00a0\u00a0\u00a0\u00a0\u00a0\u00a0\u00a0\u00a0\u00a0\u00a0\u00a0\u00a0\u00a0 <\/span>netiesa, kad skirting\u0173 pacient\u0173 organizacij\u0173 veikla gali suprie\u0161inti skirtingomis ligomis sergan\u010dius pacientus, nes veikiame bendrai &#8211; siekiame holistinio po\u017ei\u016brio \u012f pacient\u0173 poreikius bei j\u0173 tenkinim\u0105. Tikim\u0117s, kad ministras R. \u0160ukys supras klyd\u0119s ir nekorekti\u0161kai priekai\u0161tav\u0119s pacient\u0173 organizacijoms bei \u012fvertins j\u0173 svarb\u0105 sveikatos politikos formavimui. Mes visada buvome ir esame pasireng\u0119 geranori\u0161kai pozityviai diskusijai su Lietuvos sveikatos apsaugos institucijomis. Tikim\u0117s, kad \u017emon\u0117s, tiesiogiai atsakingi u\u017e pacient\u0173 gerov\u0119, pasirinks ne kar\u0105, o bendradarbiavim\u0105 ir sieks vieno tikslo \u2013 geriausios diagnostikos bei gydymo kokyb\u0117s. \u00a0 Lietuvos sergan\u010di\u0173j\u0173 prostatos v\u0117\u017eiu draugija<span>\u00a0\u00a0\u00a0\u00a0\u00a0\u00a0\u00a0\u00a0\u00a0\u00a0 \u00a0\u00a0\u00a0\u00a0\u00a0\u00a0\u00a0\u00a0\u00a0\u00a0\u00a0 Gediminas \u017di\u017eys<\/span> \u00a0 Onkohematologini\u0173 ligoni\u0173 bendrija ,,Kraujas\u201d<span>\u00a0\u00a0\u00a0\u00a0\u00a0\u00a0\u00a0\u00a0 \u00a0\u00a0\u00a0\u00a0\u00a0\u00a0\u00a0\u00a0\u00a0\u00a0\u00a0\u00a0\u00a0\u00a0\u00a0\u00a0\u00a0\u00a0\u00a0\u00a0\u00a0\u00a0\u00a0 Dalia Bielskyt\u0117<\/span> Nacionalin\u0117 moter\u0173, sergan\u010di\u0173 kr\u016bties ligomis, organizacij\u0173 asociacija<span>\u00a0\u00a0\u00a0\u00a0\u00a0\u00a0\u00a0\u00a0\u00a0 \u00a0\u00a0\u00a0\u00a0\u00a0\u00a0\u00a0\u00a0\u00a0\u00a0\u00a0\u00a0\u00a0\u00a0\u00a0\u00a0\u00a0\u00a0\u00a0\u00a0\u00a0\u00a0\u00a0 \u00a0\u00a0\u00a0\u00a0\u00a0\u00a0\u00a0\u00a0\u00a0\u00a0\u00a0 Juventa Sartatavi\u010dien\u0117<\/span> Lietuvos Parkinsono ligos draugija\u00a0<span>\u00a0\u00a0\u00a0\u00a0\u00a0\u00a0\u00a0\u00a0\u00a0\u00a0\u00a0 \u00a0\u00a0\u00a0\u00a0\u00a0\u00a0\u00a0\u00a0\u00a0\u00a0\u00a0 Vaineta Valeikien\u0117 <\/span> Lietuvos Alzheimerio ligos asociacijos pirminink\u0117<span>\u00a0\u00a0\u00a0\u00a0\u00a0\u00a0\u00a0\u00a0\u00a0\u00a0\u00a0 \u00a0\u00a0\u00a0\u00a0\u00a0\u00a0\u00a0\u00a0\u00a0\u00a0\u00a0 <em>Daiva Andriulien\u0117<\/em><\/span>\u00a0<a href=\"https:\/\/pasveik.lt\/lt\/ligos-ir-sindromai\/ankilozinis-spondiloartritas\/55951\">Bechterevo liga<\/a> sergan\u010di\u0173j\u0173 draugija \u201cJudesys<b>\u201d<span>\u00a0\u00a0\u00a0\u00a0\u00a0\u00a0\u00a0 \u00a0\u00a0\u00a0\u00a0\u00a0\u00a0\u00a0\u00a0\u00a0\u00a0\u00a0 <\/span><\/b>Martynas Grockis Vilniaus sergan\u010di\u0173j\u0173 osteoporoze bendrija <span>\u00a0\u00a0\u00a0\u00a0\u00a0\u00a0\u00a0\u00a0\u00a0 \u00a0\u00a0\u00a0\u00a0\u00a0\u00a0\u00a0\u00a0\u00a0\u00a0\u00a0 Danut\u0117 Papeikien\u0117<\/span> Lietuvos artrito asociacijos pirminink\u0117 <span>\u00a0\u00a0\u00a0\u00a0\u00a0 \u00a0\u00a0\u00a0\u00a0\u00a0\u00a0\u00a0\u00a0\u00a0\u00a0\u00a0 \u00a0\u00a0\u00a0\u00a0\u00a0\u00a0\u00a0\u00a0\u00a0\u00a0\u00a0 Ona <em>Tely\u010d\u0117nien\u0117<\/em><\/span><\/p>\n","protected":false},"excerpt":{"rendered":"<p class=\"MsoNormal\" style=\"text-align: justify; line-height: 150%; text-indent: 36pt; margin: 0cm 0cm 0pt;\"><b style=\"mso-bidi-font-weight: normal;\"><span style=\"text-transform: uppercase;\">Lietuvos pacient\u0173 organizacij\u0173 atsakymas \u012f 2010 m. liepos 9 d. paskelbt\u0105 Sveikatos apsaugos ministro Raimondo \u0160ukio parei\u0161kim\u0105<\/span><\/b><\/p>\n","protected":false},"author":1,"featured_media":0,"comment_status":"open","ping_status":"closed","sticky":false,"template":"","format":"standard","meta":{"_acf_changed":false,"footnotes":""},"categories":[27313],"tags":[477,205,653,138],"site":[],"post_item_type":[27344],"class_list":["post-11068","post","type-post","status-publish","format-standard","hentry","category-gydymo-naujienos","tag-bendros","tag-gydytojai","tag-siekia","tag-vaistai"],"acf":{"post_sites":false},"aioseo_notices":[],"_links":{"self":[{"href":"https:\/\/www.pasveik.lt\/lt\/wp-json\/wp\/v2\/posts\/11068","targetHints":{"allow":["GET"]}}],"collection":[{"href":"https:\/\/www.pasveik.lt\/lt\/wp-json\/wp\/v2\/posts"}],"about":[{"href":"https:\/\/www.pasveik.lt\/lt\/wp-json\/wp\/v2\/types\/post"}],"author":[{"embeddable":true,"href":"https:\/\/www.pasveik.lt\/lt\/wp-json\/wp\/v2\/users\/1"}],"replies":[{"embeddable":true,"href":"https:\/\/www.pasveik.lt\/lt\/wp-json\/wp\/v2\/comments?post=11068"}],"version-history":[{"count":0,"href":"https:\/\/www.pasveik.lt\/lt\/wp-json\/wp\/v2\/posts\/11068\/revisions"}],"wp:attachment":[{"href":"https:\/\/www.pasveik.lt\/lt\/wp-json\/wp\/v2\/media?parent=11068"}],"wp:term":[{"taxonomy":"category","embeddable":true,"href":"https:\/\/www.pasveik.lt\/lt\/wp-json\/wp\/v2\/categories?post=11068"},{"taxonomy":"post_tag","embeddable":true,"href":"https:\/\/www.pasveik.lt\/lt\/wp-json\/wp\/v2\/tags?post=11068"},{"taxonomy":"site","embeddable":true,"href":"https:\/\/www.pasveik.lt\/lt\/wp-json\/wp\/v2\/site?post=11068"},{"taxonomy":"post_item_type","embeddable":true,"href":"https:\/\/www.pasveik.lt\/lt\/wp-json\/wp\/v2\/post_item_type?post=11068"}],"curies":[{"name":"wp","href":"https:\/\/api.w.org\/{rel}","templated":true}]}}