{"id":1123,"date":"2017-03-17T09:17:12","date_gmt":"2017-03-17T09:17:12","guid":{"rendered":""},"modified":"2017-03-17T09:22:13","modified_gmt":"2017-03-17T09:22:13","slug":"pavasari-ziedadulkems-alergiskus-asmenis-gelbsti-izotoninis-nosies-purskalas","status":"publish","type":"post","link":"https:\/\/www.pasveik.lt\/lt\/rekomenduojamos-naujienos\/pavasari-ziedadulkems-alergiskus-asmenis-gelbsti-izotoninis-nosies-purskalas\/1123\/","title":{"rendered":"Pavasar\u012f \u017eiedadulk\u0117ms alergi\u0161kus asmenis gelbsti izotoninis nosies pur\u0161kalas"},"content":{"rendered":"<p style=\"text-align: justify;\"><b>Paskutiniais de\u0161imtme\u010diais i\u0161aug\u0119s visuomen\u0117s sergamumas alergin\u0117mis ligomis didina finansin\u0119 ir socialin\u0119 na\u0161t\u0105 valstybei, tod\u0117l mokslininkai aktyviai \u012fsitraukia \u012f galim\u0173 sprendimo b\u016bd\u0173 paie\u0161k\u0105, siekdami i\u0161siai\u0161kinti, kaip palengvinti toki\u0173 pacient\u0173 ir j\u0173 artim\u0173j\u0173 gyvenim\u0105.<\/b><\/p>\n<p style=\"text-align: justify;\">Medikai akcentuoja, kad d\u0117l padid\u0117jusios oro tar\u0161os paskutiniais metais itin i\u0161augo poreikis r\u016bpintis nosies higiena, nes ore esan\u010dios ter\u0161al\u0173 dalel\u0117s pirmiausia patenka \u012f j\u0105. Reguliariai plaunant nos\u012f did\u017eioji dalis ter\u0161al\u0173 i\u0161valoma, taip j\u0173 vis ma\u017eiau patenka \u012f \u017emogaus kv\u0117pavimo takus.\u00a0\u00a0 Kita da\u017ena \u0161i\u0173 laik\u0173 da\u017eniausi\u0173 alergini\u0173 lig\u0173 \u2013 alerginis rinitas. Juo serga 10\u201320 proc. visos populiacijos B\u016btent l\u0117tinio rinito simptomai (<strong><a href=\"https:\/\/pasveik.lt\/lt\/sveikatos-ir-medicinos-naujienos\/sloga-3-svarbus-klausimai-gydytojui-\/74054\/\" target=\"_blank\">nosies u\u017esikim\u0161imas<\/a><\/strong>, nie\u017eulys, \u010diaudulys, nosies gleivin\u0117s paburkimas) yra vieni pagrindini\u0173 nusiskundim\u0173, d\u0117l kuri\u0173 \u012f gydytoj\u0105 \u00a0kreipiasi jauni, darbingo am\u017eiaus \u017emon\u0117s. Pavasar\u012f pirmin\u0117 nosies higiena tampa itin aktuali ir d\u0117l \u012fsib\u0117g\u0117jan\u010dio alergij\u0173 sezono. Ilgai naudojami pur\u0161kiami vaistai nosiai, d\u017eiovina gleivin\u0119, tod\u0117l alergi\u0161kiems \u017emon\u0117ms patariama rinktis j\u016bros vanden\u012f su alaviju. Tokiu b\u016bdu nosies gleivin\u0117 ne tik apsaugoma nuo pavasarin\u0117s \u017eiedadulki\u0173 invazijos i\u0161 aplinkos, bet ir reguliariai dr\u0117kinama. I\u0161 nat\u016bralaus Atlanto vandenyno vandens pagamintas izotoninis nosies pur\u0161kalas, kurio sud\u0117tyje gausu mineral\u0173 ir mikroelement\u0173 skirtas kasdienei gleivin\u0117s prie\u017ei\u016brai. Jis veiksmingai valo ir dr\u0117kina nos\u012f, tod\u0117l tinkamas ir alergi\u0161kiems, ir j\u012f profilakti\u0161kai naudojantiems \u017emon\u0117ms. Reguliarus <a href=\"https:\/\/pasveik.lt\/lt\/sveikatos-ir-medicinos-naujienos\/kodel-nosies-plovimas-naudingas-\/73526\/\" target=\"_blank\"><strong>nosies plovimas<\/strong> <\/a>izotoniniu natrio chlorido tirpalu gerina \u012fvairaus am\u017eiaus pacient\u0173 gyvenimo kokyb\u0119, ma\u017eina alergijos simptomus, o svarbiausia, kad jis saugus ir sveikas.<\/p>\n<p style=\"text-align: justify;\"><b>\u00a0<\/b><\/p>\n<p style=\"text-align: justify;\"><b>Kaip elgtis prasid\u0117jus alerginei slogai pataria m<b>edicinos moksl\u0173 daktar\u0117, Vilniaus universiteto Medicinos fakulteto Vaik\u0173 lig\u0173 klinikos profesor\u0117, gydytoja alergolog\u0117 ir klinikin\u0117 imunolog\u0117 Odilija Rudzevi\u010dien\u0117.<\/b><\/b><\/p>\n<p style=\"text-align: justify;\">\u00a0<\/p>\n<p style=\"text-align: justify;\"><b>\u2013 Koks procentas visuomen\u0117s ken\u010dia nuo pavasarin\u0117s alergijos?<\/b><\/p>\n<p style=\"text-align: justify;\">\u2013 Remiantis Europos tyrimais net 35 proc. populiacijos gali pasi\u017eym\u0117ti alergin\u0117s ligos simptomais. Lietuvoje pana\u0161iai kas 7 \u017emogus tuo skund\u017eiasi. Lyginant su kaimynin\u0117mis \u0161alimis matyti, kad Lietuvoje daugelis atvej\u0173 nediagnozuota: \u017emon\u0117s link\u0119 susitaikyti su tuo, kad pavasar\u012f jiems varva nosys ir akys. \u0160iaip ne taip i\u0161temp\u0119 pavasario m\u0117nesius (sergantiems alerginiu rinitu jie sunkiausi) sloguodami ir \u010diaudydami jie da\u017enai \u012fsivaizduoja, kad jiems alergin\u0117 sloga.<\/p>\n<p style=\"text-align: justify;\"><b>\u00a0<\/b><\/p>\n<p style=\"text-align: justify;\"><b>\u2013 Kokie alergenai sukelia \u0161ias b\u0117das<\/b><b>? <\/b><\/p>\n<p style=\"text-align: justify;\">\u2013 Prad\u0117jus \u0161ilti orams sprogstan\u010di\u0173 med\u017ei\u0173 pumpurams paskleidus \u017eiedadulkes alergi\u0161kiems asmenims padid\u0117ja alergin\u0117s slogos ir alerginio aki\u0173 u\u017edegimo simptomai. \u012eprastai kasmet jie pasirei\u0161kia tuo pa\u010diu sezonu, prad\u0117jus \u017eyd\u0117ti lazdynams, alksniams, o paskui \u2013 ber\u017eams. Lietuviai itin alergi\u0161ki pastariesiems.<\/p>\n<p style=\"text-align: justify;\"><b>\u00a0<\/b><\/p>\n<p style=\"text-align: justify;\"><b>\u2013 Ar galime atpa\u017einti alergij\u0105? Kuo ji skiriasi nuo eilin\u0117s slogos?<\/b><\/p>\n<p style=\"text-align: justify;\">\u2013 Kankina daugkartinis \u010diaudulys, i\u0161 nosies teka gausios ir vandeningos i\u0161skyros, \u00a0jos n\u0117ra p\u016blingos ar tir\u0161tos. U\u017egulusi\u0105 nos\u012f nie\u017eti, prakv\u0117puoti tampa sunku, gali prasid\u0117ti ir alerginis aki\u0173 u\u017edegimas. \u017dmon\u0117ms da\u017enai mano, kad prasid\u0117jo virusinis susirgimas, bet \u0161uo atveju n\u0117ra temperat\u016bros, neskauda rykl\u0117s. Taigi n\u0117ra kit\u0173, virusiniam susirgimui, b\u016bding\u0173 simptom\u0173, o tai leid\u017eia \u012ftarti alerginio u\u017edegimo simptomus.<\/p>\n<p style=\"text-align: justify;\">\u00a0<\/p>\n<p style=\"text-align: justify;\">\u2013 <b>Kod\u0117l organizmas neapsigina nuo alergijos pats?<\/b><\/p>\n<p style=\"text-align: justify;\">\u2013 Alergija tai \u2013 i\u0161prot\u0117jusios imunin\u0117s sistemos veiksmas \u012f aplinkos daleles (\u017eiedadulkes). J\u0105 nulemia ne tik paveldimumas, bet ir aplinkos u\u017eter\u0161tumas, nesaikingas buitin\u0117s chemijos naudojimas namuose ir pan.<\/p>\n<p style=\"text-align: justify;\">\u00a0<\/p>\n<p style=\"text-align: justify;\">\u2013 <b>Ar tiesa, kad vien\u0105 pavasar\u012f alergijos piktesn\u0117s nei kit\u0105?<\/b><\/p>\n<p style=\"text-align: justify;\">\u2013 Sezonines alergijas (augal\u0173 ir med\u017ei\u0173 \u017eiedadulk\u0117ms) nulemia oro s\u0105lygos ir aplinka, kurioje \u017emogus yra. Jei pavasaris lietingas, \u017eiedadulk\u0117s nukrenta ar\u010diau \u017eem\u0117s, kuo labiau v\u0117juota ir saul\u0117ta, tuo jos piktesn\u0117s (ypa\u010d miestuose, kur u\u017eter\u0161ta aplinka).<\/p>\n<p style=\"text-align: justify;\">\u00a0<\/p>\n<p style=\"text-align: justify;\">\u2013 <b>Kiek \u012fprastai trunka pavasarin\u0117 alergija?<\/b><\/p>\n<p style=\"text-align: justify;\">\u2013 Kai kuriems \u017emon\u0117ms alergin\u0117s slogos ir aki\u0173 u\u017edegimai t\u0119siasi vis\u0105 gyvenim\u0105. Ta\u010diau kasmet j\u0173 savijauta ima prast\u0117ti nuo vasario pabaigos iki bir\u017eelio (kol med\u017eiai baigia \u017eyd\u0117ti). \u017dmon\u0117s, \u017einodami savo b\u0117d\u0105, nuo pavasarinio \u017eyd\u0117jimo pab\u0117ga \u012f \u0161iltesnius kra\u0161tus, kur alergeno nelieka, taigi kankinantys simptomai liaujasi. \u017dinoma, ne kiekvienas sau leid\u017eia pab\u0117gim\u0105 trims m\u0117nesiams, tod\u0117l lik\u0119 Lietuvoje vartoja vaistus: pasitelkia nosies pur\u0161kalus arba imunoterapij\u0105. \u00a0<\/p>\n<p style=\"text-align: justify;\">\u00a0<\/p>\n<p style=\"text-align: justify;\">\u2013 <b>Kiek \u0161ios priemon\u0117s efektyvios?<\/b><\/p>\n<p style=\"text-align: justify;\">\u2013 Pabuvus lauke ar vietov\u0117je, kur daugiau med\u017ei\u0173, nosies gleivin\u0117s praplovimas j\u016bros vandeniu suma\u017eina alerginius simptomus. \u0160iuo atveju daug lemia ir \u017emogaus s\u0105moningumas, jei \u0161i problema kartojasi metai i\u0161 met\u0173, kaskart \u017eydint ber\u017eini\u0173 med\u017ei\u0173 \u0161eimai, nereikt\u0173 skirtis su \u0161iuo preparatu. Nosies pur\u0161kalo tikslas \u2013 mechani\u0161kai i\u0161plauti \u012f nosies ertm\u0119 patekusias \u017eiedadulkes. \u017dinoma, pravartu imti ir kit\u0173 apsaugos priemoni\u0173: med\u017ei\u0173 \u017eyd\u0117jimo m\u0117nesiais neiti pasivaik\u0161\u010dioti \u012f mi\u0161k\u0105, neatidaryti lango, kad v\u0117jas ne\u012fp\u016bst\u0173 \u017eiedadulki\u0173 \u012f kambar\u012f.<\/p>\n","protected":false},"excerpt":{"rendered":"<p><b>Paskutiniais de\u0161imtme\u010diais i\u0161aug\u0119s visuomen\u0117s sergamumas alergin\u0117mis ligomis didina finansin\u0119 ir socialin\u0119 na\u0161t\u0105 valstybei, tod\u0117l mokslininkai aktyviai \u012fsitraukia \u012f galim\u0173 sprendimo b\u016bd\u0173 paie\u0161k\u0105, siekdami i\u0161siai\u0161kinti, kaip palengvinti toki\u0173 pacient\u0173 ir j\u0173 artim\u0173j\u0173 gyvenim\u0105.<\/b><\/p>\n","protected":false},"author":1,"featured_media":1124,"comment_status":"open","ping_status":"closed","sticky":false,"template":"","format":"standard","meta":{"_acf_changed":false,"footnotes":""},"categories":[27313],"tags":[174,2215,1585,25628,9,138],"site":[],"post_item_type":[28490],"class_list":["post-1123","post","type-post","status-publish","format-standard","has-post-thumbnail","hentry","category-gydymo-naujienos","tag-alergija","tag-ciaudulys","tag-higiena","tag-piktesnes","tag-sloga","tag-vaistai"],"acf":{"post_sites":false},"aioseo_notices":[],"_links":{"self":[{"href":"https:\/\/www.pasveik.lt\/lt\/wp-json\/wp\/v2\/posts\/1123","targetHints":{"allow":["GET"]}}],"collection":[{"href":"https:\/\/www.pasveik.lt\/lt\/wp-json\/wp\/v2\/posts"}],"about":[{"href":"https:\/\/www.pasveik.lt\/lt\/wp-json\/wp\/v2\/types\/post"}],"author":[{"embeddable":true,"href":"https:\/\/www.pasveik.lt\/lt\/wp-json\/wp\/v2\/users\/1"}],"replies":[{"embeddable":true,"href":"https:\/\/www.pasveik.lt\/lt\/wp-json\/wp\/v2\/comments?post=1123"}],"version-history":[{"count":0,"href":"https:\/\/www.pasveik.lt\/lt\/wp-json\/wp\/v2\/posts\/1123\/revisions"}],"wp:featuredmedia":[{"embeddable":true,"href":"https:\/\/www.pasveik.lt\/lt\/wp-json\/wp\/v2\/media\/1124"}],"wp:attachment":[{"href":"https:\/\/www.pasveik.lt\/lt\/wp-json\/wp\/v2\/media?parent=1123"}],"wp:term":[{"taxonomy":"category","embeddable":true,"href":"https:\/\/www.pasveik.lt\/lt\/wp-json\/wp\/v2\/categories?post=1123"},{"taxonomy":"post_tag","embeddable":true,"href":"https:\/\/www.pasveik.lt\/lt\/wp-json\/wp\/v2\/tags?post=1123"},{"taxonomy":"site","embeddable":true,"href":"https:\/\/www.pasveik.lt\/lt\/wp-json\/wp\/v2\/site?post=1123"},{"taxonomy":"post_item_type","embeddable":true,"href":"https:\/\/www.pasveik.lt\/lt\/wp-json\/wp\/v2\/post_item_type?post=1123"}],"curies":[{"name":"wp","href":"https:\/\/api.w.org\/{rel}","templated":true}]}}