{"id":11853,"date":"2009-11-18T20:00:00","date_gmt":"2009-11-18T20:00:00","guid":{"rendered":""},"modified":"2009-11-18T20:00:00","modified_gmt":"2009-11-18T20:00:00","slug":"gydytojai-rengiama-sveikatos-apsaugos-reforma-yra-neteiseta-ir-ekonomiskai-nepagrista","status":"publish","type":"post","link":"https:\/\/www.pasveik.lt\/lt\/sveikatos-ir-medicinos-naujienos\/gydytojai-rengiama-sveikatos-apsaugos-reforma-yra-neteiseta-ir-ekonomiskai-nepagrista\/11853\/","title":{"rendered":"Gydytojai: rengiama sveikatos apsaugos reforma yra neteis\u0117ta ir ekonomi\u0161kai nepagr\u012fsta"},"content":{"rendered":"<p>Lapkri\u010dio 17 d. Lietuvos gydytoj\u0173 s\u0105junga (LGS) kreip\u0117si \u012f Lietuvos Respublikos Prezidento institucij\u0105 ir Vyriausyb\u0119, nor\u0117dama atkreipti d\u0117mes\u012f, kad planuojama vykdyti Lietuvos sveikatos sistemos pertvarka yra neteis\u0117ta &ndash; n\u0117ra Sveikatos apsaugos ministerijos (SAM) paruo\u0161t\u0173 ir Vyriausyb\u0117s patvirtint\u0173 juridini\u0173 dokument\u0173. Pagal galiojan\u010di\u0105 tvark\u0105, SAM privalo parengti i\u0161pl\u0117stin\u0119 reformos poveikio vertinimo analiz\u0119 ir veiksm\u0173 plan\u0105, o Vyriausyb\u0117 &ndash; savo nutarimu patvirtinti Lietuvos sveikatos sistemos pertvark\u0105 kartu su visais lydimaisiais teis\u0117s aktais. LGS pra\u0161o \u0161alies Prezident\u0117s Dalios Grybauskait\u0117s neleisti vykdyti strategi\u0161kai neparuo\u0161tos sveikatos apsaugos sistemos reorganizacijos. <\/p>\n<p>&quot;\u0160iuo metu, nors Vyriausyb\u0117 pritar\u0117 tik Lietuvos sveikatos sistemos reformos metmenims, jau rengiami teis\u0117s akt\u0173 pakeitimai, kurie bus neteis\u0117ti, &ndash; teigia LGS prezidentas prof. Liutauras Labanauskas. &ndash; Ir jei Valstybin\u0117s bei Teritorin\u0117s ligoni\u0173 kasos \u0161iais teis\u0117s aktais vadovausis, vykdys neteis\u0117t\u0105 veikl\u0105&quot;. Pasak jo, susitikime su sveikatos apsaugos ministru Algiu \u010capliku ir viceministre Nora Ribokiene buvo patikinta, jog ministerija atliko i\u0161sami\u0105 sveikatos prie\u017ei\u016bros \u012fstaig\u0173 veiklos efektyvumo analiz\u0119 ir nustat\u0117, kad dalis \u0161alies ligonini\u0173 dirba nerentabiliai. &quot;Lapkri\u010dio 2 d. oficialiai papra\u0161\u0117me \u0161ios analiz\u0117s, ta\u010diau iki \u0161iol negav\u0119, darome prielaid\u0105, jog analiz\u0117 arba netinkamai paruo\u0161ta, kad pagal j\u0105 b\u016bt\u0173 vykdoma sistemos reorganizacija, arba tokios analiz\u0117s i\u0161vis n\u0117ra&quot;, &ndash; sako LGS prezidentas. <\/p>\n<p>Prof. L. Labanausko teigimu, vie\u0161ai, be konkre\u010di\u0173 pagrindim\u0173 pristatomi aptak\u016bs ekonominiai skai\u010diavimai n\u0117ra patikimi svertai, pagal kuriuos b\u016bt\u0173 galima daryti pertvark\u0105 visai visuomenei gyvybi\u0161kai svarbioje srityje. Taip vykdoma sveikatos sistemos reorganizacija gali pa\u017eeisti Konstitucines medicinos darbuotoj\u0173 ir pacient\u0173 teises ir atne\u0161ti daug \u017ealos Lietuvos sveikatos apsaugai. &quot;M\u016bs\u0173 organizacija, vertindama pacient\u0173 pasitik\u0117jim\u0105 ir jausdama moralin\u0119 atsakomyb\u0119, negali ramiai \u017ei\u016br\u0117ti \u012f SAM ir Vyriausyb\u0117s veiksmus, &ndash; sako Lietuvos gydytoj\u0173 s\u0105jungos vadovas. &ndash; Visuomen\u0117 pakankamai brandi ir mato, jog Lietuvoje politin\u0117s atsakomyb\u0117s n\u0117ra, tod\u0117l prisiimti atsakomyb\u0119 u\u017e pacient\u0173 ir medik\u0173 konstitucini\u0173 teisi\u0173 pa\u017eeidim\u0105 bei \u017eal\u0105, kuri\u0105 nei\u0161vengiamai programuoja tokia neparemta ekonominiais svertais reforma, tur\u0117s gydytojai&quot;. <\/p>\n<p>Lietuvos gydytoj\u0173 s\u0105junga pritaria, kad pertvarka, siekiant kokybi\u0161kos sveikatos apsaugos &ndash; b\u016btina, ta\u010diau ji turi b\u016bti vykdoma atsakingai &ndash; tik atlikus i\u0161samius ekonominius skai\u010diavimus ir parengus reikiamus teis\u0117s akt\u0173 projektus. <br \/>\n&nbsp;<\/p>\n<p>LGS<\/p>\n","protected":false},"excerpt":{"rendered":"<p>Lapkri\u010dio 17 d. Lietuvos gydytoj\u0173 s\u0105junga (LGS) kreip\u0117si \u012f Lietuvos Respublikos Prezidento institucij\u0105 ir Vyriausyb\u0119, nor\u0117dama atkreipti d\u0117mes\u012f, kad planuojama vykdyti Lietuvos sveikatos sistemos pertvarka yra neteis\u0117ta &ndash; n\u0117ra Sveikatos apsaugos ministerijos (SAM) paruo\u0161t\u0173 ir Vyriausyb\u0117s patvirtint\u0173 juridini\u0173 dokument\u0173. Pagal galiojan\u010di\u0105 tvark\u0105, SAM privalo parengti i\u0161pl\u0117stin\u0119 reformos poveikio vertinimo analiz\u0119 ir veiksm\u0173 plan\u0105, o Vyriausyb\u0117 &ndash; savo nutarimu patvirtinti Lietuvos sveikatos sistemos pertvark\u0105 kartu su visais lydimaisiais teis\u0117s aktais. LGS pra\u0161o \u0161alies Prezident\u0117s Dalios Grybauskait\u0117s neleisti vykdyti strategi\u0161kai neparuo\u0161tos sveikatos apsaugos sistemos reorganizacijos. <br \/>\n&nbsp;<\/p>\n","protected":false},"author":1,"featured_media":0,"comment_status":"open","ping_status":"closed","sticky":false,"template":"","format":"standard","meta":{"_acf_changed":false,"footnotes":""},"categories":[],"tags":[225],"site":[],"post_item_type":[27344],"class_list":["post-11853","post","type-post","status-publish","format-standard","hentry","tag-salies"],"acf":{"post_sites":false},"aioseo_notices":[],"_links":{"self":[{"href":"https:\/\/www.pasveik.lt\/lt\/wp-json\/wp\/v2\/posts\/11853","targetHints":{"allow":["GET"]}}],"collection":[{"href":"https:\/\/www.pasveik.lt\/lt\/wp-json\/wp\/v2\/posts"}],"about":[{"href":"https:\/\/www.pasveik.lt\/lt\/wp-json\/wp\/v2\/types\/post"}],"author":[{"embeddable":true,"href":"https:\/\/www.pasveik.lt\/lt\/wp-json\/wp\/v2\/users\/1"}],"replies":[{"embeddable":true,"href":"https:\/\/www.pasveik.lt\/lt\/wp-json\/wp\/v2\/comments?post=11853"}],"version-history":[{"count":0,"href":"https:\/\/www.pasveik.lt\/lt\/wp-json\/wp\/v2\/posts\/11853\/revisions"}],"wp:attachment":[{"href":"https:\/\/www.pasveik.lt\/lt\/wp-json\/wp\/v2\/media?parent=11853"}],"wp:term":[{"taxonomy":"category","embeddable":true,"href":"https:\/\/www.pasveik.lt\/lt\/wp-json\/wp\/v2\/categories?post=11853"},{"taxonomy":"post_tag","embeddable":true,"href":"https:\/\/www.pasveik.lt\/lt\/wp-json\/wp\/v2\/tags?post=11853"},{"taxonomy":"site","embeddable":true,"href":"https:\/\/www.pasveik.lt\/lt\/wp-json\/wp\/v2\/site?post=11853"},{"taxonomy":"post_item_type","embeddable":true,"href":"https:\/\/www.pasveik.lt\/lt\/wp-json\/wp\/v2\/post_item_type?post=11853"}],"curies":[{"name":"wp","href":"https:\/\/api.w.org\/{rel}","templated":true}]}}