{"id":12972,"date":"2009-02-03T20:00:00","date_gmt":"2009-02-03T20:00:00","guid":{"rendered":""},"modified":"2009-02-03T20:00:00","modified_gmt":"2009-02-03T20:00:00","slug":"pasaulinei-kovos-su-veziu-dienai-pabreziamas-rysys-tarp-virssvorio-bei-vezio","status":"publish","type":"post","link":"https:\/\/www.pasveik.lt\/lt\/sveikatos-ir-medicinos-naujienos\/pasaulinei-kovos-su-veziu-dienai-pabreziamas-rysys-tarp-virssvorio-bei-vezio\/12972\/","title":{"rendered":"Pasaulinei kovos su v\u0117\u017eiu dienai pabr\u0117\u017eiamas ry\u0161ys tarp vir\u0161svorio bei v\u0117\u017eio"},"content":{"rendered":"<p>&nbsp;<\/p>\n<div style=\"line-height: 150%; text-align: justify\"><span style=\"font-size: 10pt\">Nauji duomenys rodo poreik\u012f teikti daugiau informacijos apie v\u0117\u017e\u012f bei didinti v\u0117\u017eio prevencij\u0105. <\/span><\/div>\n<div style=\"line-height: 150%; text-align: justify\"><span style=\"font-size: 10pt\">\u0160iandien Tarptautin\u0117 s\u0105junga kovai su v\u0117\u017eiu (International Union Against Cancer, UICC) pradeda kampanij\u0105 &quot;a\u0161 myliu savo sveik\u0105 ir aktyvi\u0105 vaikyst\u0119&quot;, kad padidint\u0173 \u017einias apie ry\u0161\u012f tarp per didelio k\u016bno svorio bei v\u0117\u017eio.<\/span><\/div>\n<div style=\"line-height: 150%; text-align: justify\"><span style=\"font-size: 10pt\">&quot;Nuo trij\u0173 iki keturi\u0173 milijon\u0173 nauj\u0173 susirgim\u0173 v\u0117\u017eiu gali b\u016bti i\u0161vengta kiekvienais metais, jei vengiama vir\u0161svorio bei nutukimo, &#8211; pasak\u0117 Isabel Mortara, UICC generalin\u0117 direktor\u0117. &#8211; &quot;Geri \u012fpro\u010diai suformuojami anksti gyvenime, tod\u0117l m\u016bs\u0173 d\u0117mesys telkiamas \u012f vaik\u0173 skatinim\u0105 valgyti sveik\u0105 maist\u0105 bei b\u016bti fizi\u0161kai aktyviais. Apskai\u010diuota, kad 22 milijonai vaik\u0173, jaunesni\u0173 nei 5 metai, turi vir\u0161svorio, ir \u0161i problema vis did\u0117ja&quot;.<\/span><\/div>\n<div style=\"line-height: 150%; text-align: justify\"><span style=\"font-size: 10pt\">UICC kampanijos poreikis dar labai pary\u0161kinamas \u0161iandien paskelbtoje su v\u0117\u017eiu susijusi\u0173 tik\u0117jim\u0173 bei elgesio (www.worldcancercampaign.org\/reports) apklausoje, kur pateikiami nauji duomenys, rodantys, kad \u017emon\u0117s nesuvokia, jog pasirinkimai padidina j\u0173 pavoj\u0173 susirgti v\u0117\u017eiu. <\/span><\/div>\n<div style=\"line-height: 150%; text-align: justify\"><span style=\"font-size: 10pt\">Pavyzd\u017eiui, ma\u017edaug 40 procent\u0173 \u017emoni\u0173 Amerikos \u017eemynuose, Australijoje, Naujoje Zelandijoje bei vakar\u0173 Azijoje ne\u017einojo, kad vir\u0161svoris padidino j\u0173 pavoj\u0173 susirgti v\u0117\u017eiu, o kituose regionuose tai \u017einojo dar ma\u017eiau \u017emoni\u0173. <\/span><\/div>\n<div style=\"line-height: 150%; text-align: justify\"><span style=\"font-size: 10pt\">Apklausa pirm\u0105 kart\u0105 suteikia tarptautiniu mastu palyginamus duomenis apie su v\u0117\u017eiu susijusius tik\u0117jimus bei elgsen\u0105. UICC kartu su &quot;Gallup International&quot; dukterin\u0117mis kompanijomis 2008 m. apklaus\u0117 daugiau nei 40 000 respondent\u0173 39 valstyb\u0117se. Naujoji ataskaita parodo, kokie duomenys gauti i\u0161 a\u0161tuoni\u0173 JT region\u0173. <\/span><\/div>\n<div style=\"line-height: 150%; text-align: justify\"><span style=\"font-size: 10pt\">&quot;Vir\u0161svoris ir <a href=\"https:\/\/pasveik.lt\/lt\/ligos-ir-sindromai\/nutukimas\/4355\">nutukimas<\/a> yra prie\u017eastin\u0117s grandin\u0117s dalis daugeliui v\u0117\u017eio form\u0173, &#8211; pasak\u0117 profesorius Davidas Hillas, UICC prezidentas. &#8211; Tai puikiai \u017einoma moksle, bet n\u0117ra tinkamai suvokiama visuomen\u0117s. Ties\u0105 sakant, dabartinis nesuvokimas, kad yra ry\u0161ys tarp k\u016bno svorio bei v\u0117\u017eio ko gero yra pana\u0161us \u012f po\u017ei\u016br\u012f \u012f r\u016bkym\u0105 bei v\u0117\u017e\u012f 1950-\u0173j\u0173 pabaigoje. <\/span><\/div>\n<div style=\"line-height: 150%; text-align: justify\"><span style=\"font-size: 10pt\">Pasaulin\u0117 kovos su v\u0117\u017eiu diena yra metus laikus truksian\u010dios kampanijos, kurios metu suaugusieji bus raginami mokyti sveikos mitybos bei fizinio aktyvumo vaikus, prad\u017eia. <\/span><\/div>\n<div style=\"line-height: 150%; text-align: justify\"><span style=\"font-size: 10pt\">&quot;Surinkti \u012frodymai, siejantys vir\u0161svor\u012f bei nutukim\u0105 su v\u0117\u017eiu yra daugiausia grind\u017eiami suaugusi\u0173j\u0173 tyrimais, &#8211; sako Hillas. &#8211; Ta\u010diau sveiki \u012fpro\u010diai visam gyvenimui lengviausiai sukuriami anksti vaikyst\u0117je&quot;. <\/span><\/div>\n<div style=\"line-height: 150%; text-align: justify\"><span style=\"font-size: 10pt\">\u0160i kampanija, remiama \u0161iandien i\u0161platintos Sveikos aktyvios vaikyst\u0117s (www.worldcancercampaign.org\/reports) ataskaitos, yra vienas i\u0161 b\u016bd\u0173, kuriais UICC dirba su nariais bei partneriais, kad \u012fgyvendint\u0173 Pasaulio kovos su v\u0117\u017eiu deklaracij\u0105, priimt\u0105 2008 m.<\/span><\/div>\n<div>&nbsp;<\/div>\n<div>Medicine<\/div>\n","protected":false},"excerpt":{"rendered":"<div style=\"line-height: 150%; text-align: justify\"><span style=\"font-size: 10pt\">Nauji duomenys rodo poreik\u012f teikti daugiau informacijos apie v\u0117\u017e\u012f bei didinti v\u0117\u017eio prevencij\u0105. <\/span><\/div>\n","protected":false},"author":1,"featured_media":0,"comment_status":"open","ping_status":"closed","sticky":false,"template":"","format":"standard","meta":{"_acf_changed":false,"footnotes":""},"categories":[],"tags":[1462,157,1294],"site":[],"post_item_type":[27344],"class_list":["post-12972","post","type-post","status-publish","format-standard","hentry","tag-iprociai","tag-nutukimas","tag-virssvoris"],"acf":{"post_sites":false},"aioseo_notices":[],"_links":{"self":[{"href":"https:\/\/www.pasveik.lt\/lt\/wp-json\/wp\/v2\/posts\/12972","targetHints":{"allow":["GET"]}}],"collection":[{"href":"https:\/\/www.pasveik.lt\/lt\/wp-json\/wp\/v2\/posts"}],"about":[{"href":"https:\/\/www.pasveik.lt\/lt\/wp-json\/wp\/v2\/types\/post"}],"author":[{"embeddable":true,"href":"https:\/\/www.pasveik.lt\/lt\/wp-json\/wp\/v2\/users\/1"}],"replies":[{"embeddable":true,"href":"https:\/\/www.pasveik.lt\/lt\/wp-json\/wp\/v2\/comments?post=12972"}],"version-history":[{"count":0,"href":"https:\/\/www.pasveik.lt\/lt\/wp-json\/wp\/v2\/posts\/12972\/revisions"}],"wp:attachment":[{"href":"https:\/\/www.pasveik.lt\/lt\/wp-json\/wp\/v2\/media?parent=12972"}],"wp:term":[{"taxonomy":"category","embeddable":true,"href":"https:\/\/www.pasveik.lt\/lt\/wp-json\/wp\/v2\/categories?post=12972"},{"taxonomy":"post_tag","embeddable":true,"href":"https:\/\/www.pasveik.lt\/lt\/wp-json\/wp\/v2\/tags?post=12972"},{"taxonomy":"site","embeddable":true,"href":"https:\/\/www.pasveik.lt\/lt\/wp-json\/wp\/v2\/site?post=12972"},{"taxonomy":"post_item_type","embeddable":true,"href":"https:\/\/www.pasveik.lt\/lt\/wp-json\/wp\/v2\/post_item_type?post=12972"}],"curies":[{"name":"wp","href":"https:\/\/api.w.org\/{rel}","templated":true}]}}