{"id":13082,"date":"2009-01-06T20:00:00","date_gmt":"2009-01-06T20:00:00","guid":{"rendered":""},"modified":"2009-01-06T20:00:00","modified_gmt":"2009-01-06T20:00:00","slug":"cukrus-sukelia-priklausomybe","status":"publish","type":"post","link":"https:\/\/www.pasveik.lt\/lt\/sveikatos-ir-medicinos-naujienos\/cukrus-sukelia-priklausomybe\/13082\/","title":{"rendered":"Cukrus sukelia priklausomyb\u0119"},"content":{"rendered":"<p style=\"text-align: justify\">Prins&shy;to&shy;no uni&shy;ver&shy;si&shy;te&shy;te (JAV) at&shy;lik&shy;ti eks&shy;pe&shy;ri&shy;men&shy;tai pa&shy;tvir&shy;ti&shy;no, kad cuk&shy;rus ga&shy;li su&shy;kel&shy;ti to&shy;ki\u0105 pat pri&shy;klau&shy;so&shy;my&shy;b\u0119 kaip ir nar&shy;ko&shy;ti&shy;kai.<br \/>\nProf. Bar&shy;to Ho&shy;e&shy;be&shy;lo va&shy;do&shy;vau&shy;ja&shy;ma Prins&shy;to&shy;no uni&shy;ver&shy;si&shy;te&shy;to Psi&shy;cho&shy;lo&shy;gi&shy;jos fa&shy;kul&shy;te&shy;to ir Neu&shy;ro&shy;lo&shy;gi&shy;jos ins&shy;ti&shy;tu&shy;to moks&shy;li&shy;nin&shy;k\u0173 gru&shy;p\u0117 eks&shy;pe&shy;ri&shy;men&shy;tuo&shy;da&shy;ma su la&shy;bo&shy;ra&shy;to&shy;ri&shy;n\u0117&shy;mis \u017eiur&shy;k\u0117&shy;mis jau anks&shy;\u010diau bu&shy;vo nu&shy;sta&shy;t\u0119 du i\u0161 tri&shy;j\u0173 pri&shy;klau&shy;so&shy;my&shy;b\u0117s po&shy;\u017ey&shy;mi\u0173: gy&shy;v\u016b&shy;n\u0173 el&shy;ge&shy;sio po&shy;ky&shy;\u010dius pra&shy;d\u0117&shy;jus var&shy;to&shy;ti pa&shy;di&shy;din&shy;t\u0105 cuk&shy;raus kie&shy;k\u012f ir nu&shy;trau&shy;kus to&shy;ki\u0105 die&shy;t\u0105. <br \/>\nNau&shy;jau&shy;si moks&shy;li&shy;nin&shy;k\u0173 at&shy;lik&shy;ti ban&shy;dy&shy;mai at&shy;sklei&shy;d\u0117 ir tre&shy;\u010di&shy;\u0105&shy;j\u012f pri&shy;klau&shy;so&shy;my&shy;b\u0117s kri&shy;te&shy;ri&shy;j\u0173 &ndash; cuk&shy;raus tro\u0161&shy;ki&shy;m\u0105 ir at&shy;kry&shy;t\u012f po die&shy;tos su&shy;re&shy;gu&shy;lia&shy;vi&shy;mo. <br \/>\nEks&shy;pe&shy;ri&shy;men&shy;t\u0173 me&shy;tu \u017eiur&shy;k\u0117s i\u0161 pra&shy;d\u017ei\u0173 bu&shy;vo \u012fpra&shy;ti&shy;na&shy;mos prie per di&shy;de&shy;lio cuk&shy;raus kie&shy;kio. Po to joms il&shy;g\u0105 lai&shy;k\u0105 jo ne&shy;b\u016b&shy;da&shy;vo duo&shy;da&shy;ma. Siek&shy;da&shy;mos gau&shy;ti cuk&shy;raus, \u017eiur&shy;k\u0117s mie&shy;lai su&shy;tik&shy;da&shy;vo im&shy;tis di&shy;de&shy;li\u0173 fi&shy;zi&shy;ni\u0173 pa&shy;stan&shy;g\u0173. Pa&shy;ga&shy;liau &bdquo;u\u017e&shy;si&shy;dir&shy;bu&shy;sios&ldquo; cuk&shy;raus, jos su&shy;var&shy;to&shy;da&shy;vo jo dar dau&shy;giau nei anks&shy;\u010diau. Be to, tais at&shy;ve&shy;jais, kai \u017eiur&shy;k\u0117s ne&shy;be&shy;gau&shy;da&shy;vo joms \u012fpras&shy;to pa&shy;di&shy;din&shy;to cuk&shy;raus kie&shy;kio, jos im&shy;da&shy;vo var&shy;to&shy;ti dau&shy;giau al&shy;ko&shy;ho&shy;lio. <br \/>\nTy&shy;ri&shy;mai at&shy;sklei&shy;d\u0117, kad daug cuk&shy;raus var&shy;to&shy;jan&shy;\u010di\u0173 \u017eiur&shy;ki\u0173 sme&shy;ge&shy;ny&shy;se vyks&shy;ta neu&shy;ro&shy;che&shy;mi&shy;niai po&shy;ky&shy;\u010diai, pa&shy;na&shy;\u0161\u016bs \u012f tuos, ku&shy;riuos su&shy;ke&shy;lia ko&shy;kai&shy;nas, mor&shy;fi&shy;jus ir ni&shy;ko&shy;ti&shy;nas. <br \/>\nPa&shy;sak moks&shy;li&shy;nin&shy;k\u0173, dar rei&shy;k\u0117s pa&shy;pil&shy;do&shy;m\u0173 ty&shy;ri&shy;m\u0173, kad b\u016b&shy;t\u0173 ga&shy;li&shy;ma \u012fver&shy;tin&shy;ti to&shy;kio rei\u0161&shy;ki&shy;nio pa&shy;sek&shy;mes \u017emo&shy;n\u0117ms.<\/p>\n<p style=\"text-align: justify\">Lietuvos sveikata<\/p>\n","protected":false},"excerpt":{"rendered":"<p>Prins&shy;to&shy;no uni&shy;ver&shy;si&shy;te&shy;te (JAV) at&shy;lik&shy;ti eks&shy;pe&shy;ri&shy;men&shy;tai pa&shy;tvir&shy;ti&shy;no, kad cuk&shy;rus ga&shy;li su&shy;kel&shy;ti to&shy;ki\u0105 pat pri&shy;klau&shy;so&shy;my&shy;b\u0119 kaip ir nar&shy;ko&shy;ti&shy;kai.<br \/>\n&nbsp;<\/p>\n","protected":false},"author":1,"featured_media":0,"comment_status":"open","ping_status":"closed","sticky":false,"template":"","format":"standard","meta":{"_acf_changed":false,"footnotes":""},"categories":[],"tags":[882],"site":[],"post_item_type":[27344],"class_list":["post-13082","post","type-post","status-publish","format-standard","hentry","tag-ziurkes"],"acf":{"post_sites":false},"aioseo_notices":[],"_links":{"self":[{"href":"https:\/\/www.pasveik.lt\/lt\/wp-json\/wp\/v2\/posts\/13082","targetHints":{"allow":["GET"]}}],"collection":[{"href":"https:\/\/www.pasveik.lt\/lt\/wp-json\/wp\/v2\/posts"}],"about":[{"href":"https:\/\/www.pasveik.lt\/lt\/wp-json\/wp\/v2\/types\/post"}],"author":[{"embeddable":true,"href":"https:\/\/www.pasveik.lt\/lt\/wp-json\/wp\/v2\/users\/1"}],"replies":[{"embeddable":true,"href":"https:\/\/www.pasveik.lt\/lt\/wp-json\/wp\/v2\/comments?post=13082"}],"version-history":[{"count":0,"href":"https:\/\/www.pasveik.lt\/lt\/wp-json\/wp\/v2\/posts\/13082\/revisions"}],"wp:attachment":[{"href":"https:\/\/www.pasveik.lt\/lt\/wp-json\/wp\/v2\/media?parent=13082"}],"wp:term":[{"taxonomy":"category","embeddable":true,"href":"https:\/\/www.pasveik.lt\/lt\/wp-json\/wp\/v2\/categories?post=13082"},{"taxonomy":"post_tag","embeddable":true,"href":"https:\/\/www.pasveik.lt\/lt\/wp-json\/wp\/v2\/tags?post=13082"},{"taxonomy":"site","embeddable":true,"href":"https:\/\/www.pasveik.lt\/lt\/wp-json\/wp\/v2\/site?post=13082"},{"taxonomy":"post_item_type","embeddable":true,"href":"https:\/\/www.pasveik.lt\/lt\/wp-json\/wp\/v2\/post_item_type?post=13082"}],"curies":[{"name":"wp","href":"https:\/\/api.w.org\/{rel}","templated":true}]}}