{"id":13735,"date":"2008-05-24T18:00:00","date_gmt":"2008-05-24T18:00:00","guid":{"rendered":""},"modified":"2008-05-24T18:00:00","modified_gmt":"2008-05-24T18:00:00","slug":"beveik-dvigubai-padaugejo-studentu-su-negalia","status":"publish","type":"post","link":"https:\/\/www.pasveik.lt\/lt\/sveikatos-ir-medicinos-naujienos\/beveik-dvigubai-padaugejo-studentu-su-negalia\/13735\/","title":{"rendered":"Beveik dvigubai padaug\u0117jo student\u0173 su negalia"},"content":{"rendered":"<p>Lietuvos auk\u0161tosiose mokyklose per pastaruosius dvejus akademinius metus student\u0173 su negalia skai\u010dius i\u0161augo beveik dvigubai.<\/p>\n<p>Lietuvos student\u0173 s\u0105jungos (LSS) tyrimo duomenimis, \u0161iais mokslo metais studijuoja apie 915 student\u0173 su negalia. 2006-2007 akademiniais mokslo metais toki\u0173 student\u0173 buvo apie 640, 2005-2006 akademiniais metais &#8211; apie 530.<\/p>\n<p>Pasak LSS socialin\u0117s integracijos koordinator\u0117s R\u016btos Ruolyt\u0117s, tokia tendencija nuteikia optimisti\u0161kai, ta\u010diau reali situacija gal\u0117t\u0173 b\u016bti geresn\u0117.<\/p>\n<p>&#8222;Auk\u0161tosios mokyklos vis dar ne itin aktyviai \u012fsisavina europines l\u0117\u0161as, kurios gal\u0117t\u0173 b\u016bti panaudotos \u017emoni\u0173 su negalia integracijai. Tr\u016bksta kokybi\u0161kos informacijos sklaidos apie studij\u0173 prieinamum\u0105 ne\u012fgaliesiems, reik\u0117t\u0173 stiprinti vald\u017eios institucij\u0173, auk\u0161t\u0173j\u0173 ir bendrojo lavinimo mokykl\u0173 dialog\u0105. I\u0161sprendus visa tai, prielaid\u0173 formuotis atviresniam auk\u0161tajam mokslui Lietuvoje b\u016bt\u0173 daugiau&#8221;, &#8211; teigia R. Ruolyt\u0117.<\/p>\n<p>\u0160i\u0173 met\u0173 tyrime \u017eenklesnis ne\u012fgali\u0173j\u0173 skai\u010diaus augimas, palyginus su kolegijomis, pasteb\u0117tas universitetuose. Daugiausia student\u0173 su negalia studijuoja Vilniaus, Vilniaus pedagoginiame, Kauno technologijos universitetuose. Tarp kolegij\u0173 pirmauja Vilniaus verslo ir teis\u0117s kolegija, \u0160iauli\u0173 kolegija bei Kauno kolegija.<\/p>\n<p>Did\u017eioji dalis apklaust\u0173 universitet\u0173 (40 proc.) s\u0105lygas studijuoti ne\u012fgaliesiems vertina vidutini\u0161kai. Tarp apklaust\u0173 kolegij\u0173 \u0161i dalis kiek didesn\u0117 (54 proc.).<\/p>\n<p>LSS tyrimo duomenimis, sprend\u017eiant studij\u0173 prieinamumo problemas \u017emon\u0117ms su negalia did\u017eiausi\u0105 d\u0117mes\u012f auk\u0161tosios mokyklos skiria fizinei aplinkai pritaikyti (40 proc.) Ma\u017eiau auk\u0161t\u0173j\u0173 mokykl\u0173 nurod\u0117 vykdan\u010dios student\u0173 su negalia poreiki\u0173 analiz\u0119 (15 proc.) ir teikian\u010dios specialias paslaugas ne\u012fgaliesiems (11 proc.).<\/p>\n<p>Tyrimo rezultatai parod\u0117, kad pagrindin\u0117s auk\u0161t\u0173j\u0173 mokykl\u0173 patiriamos problemos studijas pritaikant \u017emon\u0117ms su negalia yra finansinio pob\u016bd\u017eio (49 proc.).<\/p>\n<p>Dalis auk\u0161t\u0173j\u0173 mokykl\u0173 pasigenda informacijos, kaip reik\u0117t\u0173 gerinti studij\u0173 s\u0105lygas ne\u012fgaliesiems (28 proc.). Kvalifikacijos stygi\u0173 kaip trukd\u012f \u012fvardino 5 proc. respondent\u0173.<\/p>\n<p>Tyrimo dalyvi\u0173 nuomone, auk\u0161tojo mokslo prieinamumo ne\u012fgaliesiems gerinimu labiausiai r\u016bpintis tur\u0117t\u0173 \u0160vietimo ir mokslo ministerija (40 proc.). U\u017e pa\u010di\u0173 auk\u0161t\u0173j\u0173 mokykl\u0173 atsakomyb\u0119 ir aktyv\u0173 veikim\u0105 \u0161ioje srityje pasisak\u0117 28 proc. apklaust\u0173j\u0173, 23 proc. nurod\u0117 ir ne\u012fgali\u0173j\u0173 organizacijas.<\/p>\n<p>LSS \u0161alies auk\u0161t\u0173j\u0173 mokykl\u0173 atvirum\u0105 ne\u012fgaliesiems tiria jau tre\u010dius metus i\u0161 eil\u0117s. \u0160iais metais \u012f organizacijos parengt\u0105 klausimyn\u0105 atsak\u0117 ir duomenis pateik\u0117 visos populiariausios \u0161alies auk\u0161tosios mokyklos &#8211; 41 i\u0161 51 oficialiai registruotos. <\/p>\n","protected":false},"excerpt":{"rendered":"<p>Lietuvos auk\u0161tosiose mokyklose per pastaruosius dvejus akademinius metus student\u0173 su negalia skai\u010dius i\u0161augo beveik dvigubai.<\/p>\n<p>Lietuvos student\u0173 s\u0105jungos (LSS) tyrimo duomenimis, \u0161iais mokslo metais studijuoja apie 915 student\u0173 su negalia. 2006-2007 akademiniais mokslo metais toki\u0173 student\u0173 buvo apie 640, 2005-2006 akademiniais metais &#8211; apie 530.<\/p>\n","protected":false},"author":1,"featured_media":0,"comment_status":"open","ping_status":"closed","sticky":false,"template":"","format":"standard","meta":{"_acf_changed":false,"footnotes":""},"categories":[],"tags":[671,492,225],"site":[],"post_item_type":[27344],"class_list":["post-13735","post","type-post","status-publish","format-standard","hentry","tag-kolegija","tag-neigaliesiems","tag-salies"],"acf":{"post_sites":false},"aioseo_notices":[],"_links":{"self":[{"href":"https:\/\/www.pasveik.lt\/lt\/wp-json\/wp\/v2\/posts\/13735","targetHints":{"allow":["GET"]}}],"collection":[{"href":"https:\/\/www.pasveik.lt\/lt\/wp-json\/wp\/v2\/posts"}],"about":[{"href":"https:\/\/www.pasveik.lt\/lt\/wp-json\/wp\/v2\/types\/post"}],"author":[{"embeddable":true,"href":"https:\/\/www.pasveik.lt\/lt\/wp-json\/wp\/v2\/users\/1"}],"replies":[{"embeddable":true,"href":"https:\/\/www.pasveik.lt\/lt\/wp-json\/wp\/v2\/comments?post=13735"}],"version-history":[{"count":0,"href":"https:\/\/www.pasveik.lt\/lt\/wp-json\/wp\/v2\/posts\/13735\/revisions"}],"wp:attachment":[{"href":"https:\/\/www.pasveik.lt\/lt\/wp-json\/wp\/v2\/media?parent=13735"}],"wp:term":[{"taxonomy":"category","embeddable":true,"href":"https:\/\/www.pasveik.lt\/lt\/wp-json\/wp\/v2\/categories?post=13735"},{"taxonomy":"post_tag","embeddable":true,"href":"https:\/\/www.pasveik.lt\/lt\/wp-json\/wp\/v2\/tags?post=13735"},{"taxonomy":"site","embeddable":true,"href":"https:\/\/www.pasveik.lt\/lt\/wp-json\/wp\/v2\/site?post=13735"},{"taxonomy":"post_item_type","embeddable":true,"href":"https:\/\/www.pasveik.lt\/lt\/wp-json\/wp\/v2\/post_item_type?post=13735"}],"curies":[{"name":"wp","href":"https:\/\/api.w.org\/{rel}","templated":true}]}}