{"id":13869,"date":"2007-12-18T20:00:00","date_gmt":"2007-12-18T20:00:00","guid":{"rendered":""},"modified":"2007-12-18T20:00:00","modified_gmt":"2007-12-18T20:00:00","slug":"kvieciame-i-spaudos-konferencija-nerukantis-europietis-2008","status":"publish","type":"post","link":"https:\/\/www.pasveik.lt\/lt\/sveikatos-ir-medicinos-naujienos\/kvieciame-i-spaudos-konferencija-nerukantis-europietis-2008\/13869\/","title":{"rendered":"Kvie\u010diame \u012f spaudos konferencij\u0105 ,,Ner\u016bkantis europietis 2008&#8243;"},"content":{"rendered":"<p>\u0160iandien, gruod\u017eio 19 d., 10 val. Sveikatos apsaugos ministerijos 204 sal\u0117je organizuojama spaudos konferencija, skirta pra\u0117jusi\u0105 savait\u0119 Romoje (Italija) startavusiam projektui \u201eNer\u016bkantis europietis 2008\u201c. Bus pristatyta tabako kontrol\u0117s politika Lietuvoje ir pasaulyje bei europie\u010dio, atsisakiusio \u017ealingo \u012fpro\u010dio r\u016bkyti, rinkimai. \u017diniasklaidos atstovai maloniai kvie\u010diami dalyvauti. <\/p>\n<p>\nKvie\u010diame \u0161iandien taip pat \u012f spaudos konferenci\u0105 Kaune, 13 val. Kauno apskrities priklausomyb\u0117s lig\u0173 centro sal\u0117je (Giedrai\u010di\u0173 g. 8, Kaunas). Joje dalyvaus Kauno apskrities priklausomyb\u0117s lig\u0173 centro direktorius Tautvydas Zikaras ir projekto koordinator\u0117 Lietuvai Aina Adomaityt\u0117.<\/p>\n<p>\nNer\u016bkan\u010dio europie\u010dio 2008 m. rinkimai skelbiami pirm\u0105 kart\u0105. Projekte, kurio iniciatoriai \u2013 Europos Komisija ir pagalbos metantiems r\u016bkyti tinklas, dalyvauja 11 \u0161ali\u0173. Tarp j\u0173 \u2013 ir Lietuva. Nugal\u0117tojui atiteks garbingas titulas ir atostog\u0173 \u010dekis 15 t\u016bkst. eur\u0173 sumai. Taip pat bus nominuojami sveikatos prie\u017ei\u016bros specialistai, kurie padeda r\u016bkantiems atsisakyti \u0161io \u017ealingo \u012fpro\u010dio, ir visuomen\u0117s veik\u0117jai, padar\u0119 \u012ftak\u0105 tabako kontrol\u0117s politikai. <\/p>\n<p>Daugiau informacijos \u2013 Kauno jaunimo narkologijos pagalbos centro interneto svetain\u0117je (http:\/\/www.jaunimo-centras.lt\/) <\/p>\n<p>\nAina Adomaityt\u0117 <br \/>\nNacionalin\u0117s tabako ir Alkoholio kontrol\u0117s koalicijos viceprezident\u0117 <br \/>\nKauno jaunimo narkologijos pagalbos centro vadov\u0117 <br \/>\nProjekto \u201eNer\u016bkantis europietis 2008\u201d koordinator\u0117 Lietuvai <\/p>\n<p>Tel. 860595555, 861533048 <br \/>\nEl. pa\u0161tas anija_aaa@yahoo.com<\/p>\n","protected":false},"excerpt":{"rendered":"<p>\u0160iandien, gruod\u017eio 19 d., 10 val. Sveikatos apsaugos ministerijos 204 sal\u0117je organizuojama spaudos konferencija, skirta pra\u0117jusi\u0105 savait\u0119 Romoje (Italija) startavusiam projektui \u201eNer\u016bkantis europietis 2008\u201c. Bus pristatyta tabako kontrol\u0117s politika Lietuvoje ir pasaulyje bei europie\u010dio, atsisakiusio \u017ealingo \u012fpro\u010dio r\u016bkyti, rinkimai. \u017diniasklaidos atstovai maloniai kvie\u010diami dalyvauti. <\/p>\n","protected":false},"author":1,"featured_media":0,"comment_status":"open","ping_status":"closed","sticky":false,"template":"","format":"standard","meta":{"_acf_changed":false,"footnotes":""},"categories":[],"tags":[522,523,524,521],"site":[],"post_item_type":[27344],"class_list":["post-13869","post","type-post","status-publish","format-standard","hentry","tag-europietis","tag-lietuvai","tag-narkologijos-pagalbos","tag-nerukantis"],"acf":{"post_sites":false},"aioseo_notices":[],"_links":{"self":[{"href":"https:\/\/www.pasveik.lt\/lt\/wp-json\/wp\/v2\/posts\/13869","targetHints":{"allow":["GET"]}}],"collection":[{"href":"https:\/\/www.pasveik.lt\/lt\/wp-json\/wp\/v2\/posts"}],"about":[{"href":"https:\/\/www.pasveik.lt\/lt\/wp-json\/wp\/v2\/types\/post"}],"author":[{"embeddable":true,"href":"https:\/\/www.pasveik.lt\/lt\/wp-json\/wp\/v2\/users\/1"}],"replies":[{"embeddable":true,"href":"https:\/\/www.pasveik.lt\/lt\/wp-json\/wp\/v2\/comments?post=13869"}],"version-history":[{"count":0,"href":"https:\/\/www.pasveik.lt\/lt\/wp-json\/wp\/v2\/posts\/13869\/revisions"}],"wp:attachment":[{"href":"https:\/\/www.pasveik.lt\/lt\/wp-json\/wp\/v2\/media?parent=13869"}],"wp:term":[{"taxonomy":"category","embeddable":true,"href":"https:\/\/www.pasveik.lt\/lt\/wp-json\/wp\/v2\/categories?post=13869"},{"taxonomy":"post_tag","embeddable":true,"href":"https:\/\/www.pasveik.lt\/lt\/wp-json\/wp\/v2\/tags?post=13869"},{"taxonomy":"site","embeddable":true,"href":"https:\/\/www.pasveik.lt\/lt\/wp-json\/wp\/v2\/site?post=13869"},{"taxonomy":"post_item_type","embeddable":true,"href":"https:\/\/www.pasveik.lt\/lt\/wp-json\/wp\/v2\/post_item_type?post=13869"}],"curies":[{"name":"wp","href":"https:\/\/api.w.org\/{rel}","templated":true}]}}