{"id":13888,"date":"2007-11-30T20:00:00","date_gmt":"2007-11-30T20:00:00","guid":{"rendered":""},"modified":"2007-11-30T20:00:00","modified_gmt":"2007-11-30T20:00:00","slug":"seime-bus-diskutuojama-apie-neigaliuju-galimybes-mokytis","status":"publish","type":"post","link":"https:\/\/www.pasveik.lt\/lt\/sveikatos-ir-medicinos-naujienos\/seime-bus-diskutuojama-apie-neigaliuju-galimybes-mokytis\/13888\/","title":{"rendered":"Seime bus diskutuojama apie ne\u012fgali\u0173j\u0173 galimybes mokytis"},"content":{"rendered":"<p>Gruod\u017eio 5 d., tre\u010diadien\u012f, Seime vyks konferencija &#8222;\u0160alies bendrojo lavinimo sistema ir ne\u012fgalieji&#8221;. Rengin\u012f organizuoja Lietuvos Respublikos Seimo \u0161eimos ir vaiko reikal\u0173 komisija, Seimo nar\u0117 Vinc\u0117 Vaidevut\u0117 Margevi\u010dien\u0117 ir Vaiko teisi\u0173 apsaugos kontrolieriaus \u012fstaiga.Konferencijoje did\u017eiausias d\u0117mesys bus skiriamas vaik\u0173 su reg\u0117jimo ir klausos negalia teisi\u0173, ypatingai teis\u0117s \u012f moksl\u0105, u\u017etikrinimo bei \u0161i\u0173 vaik\u0173 dalyvavimo visuomen\u0117s gyvenime problemoms aptarti. Bus atkreiptas d\u0117mesys \u012f 2006 m. gruod\u017eio 13 d. Jungtini\u0173 Taut\u0173 Ne\u012fgali\u0173j\u0173 teisi\u0173 konvencij\u0105 ir jos fakultatyv\u0173 protokol\u0105. Planuojama, kad konferencijoje dalyvaus valstyb\u0117s, apskri\u010di\u0173 ir savivaldybi\u0173 institucij\u0173 atstovai, paslaugas vaikams su reg\u0117jimo ir klausos negalia teikian\u010di\u0173 organizacij\u0173 atstovai, nevyriausybini\u0173 organizacij\u0173 atstovai, kiti suinteresuoti asmenys, taip pat patys vaikai. Pasak organizatori\u0173, konferencija yra puiki proga aptarti esamas problemas, pasidalinti patirtimi bei stiprinti bendradarbiavim\u0105 ir tarpusavio pasitik\u0117jim\u0105, sprend\u017eiant vaik\u0173 su reg\u0117jimo ir klausos negalia teisi\u0173 u\u017etikrinimo problemas. Programa Pirmininkaus Seimo Socialini\u0173 reikal\u0173 ir darbo komiteto nar\u0117 Vinc\u0117 Vaidevut\u0117 Margevi\u010dien\u0117, Rimant\u0117 \u0160ala\u0161evi\u010di\u016bt\u0117, Lietuvos Respublikos Vaiko teisi\u0173 apsaugos kontrolier\u0117.13.00 Sveikinimo \u017eodis; Alvydas Puod\u017eiukas, \u0160vietimo ir mokslo ministerijos sekretorius; Virginijus Domarkas, Seimo \u0161vietimo ir mokslo komiteto pirmininkas;13.10 &#8222;Nauji tarptautiniai \u012fsipareigojimai &#8211; dar vienas \u017eingsnis s\u0117kmingai ne\u012fgali\u0173 vaik\u0173 integracijai&#8221;; Inga Abari\u016bt\u0117, Vaiko teisi\u0173 apsaugos kontrolieriaus patar\u0117ja;13.30 &#8222;Parama ne\u012fgaliems vaikams \u0161eimos politikoje&#8221;; Rima Ba\u0161kien\u0117, Seimo \u0160eimos ir vaiko reikal\u0173 komisijos pirminink\u0117;13.45 &#8222;Vaik\u0173 klausos reabilitacijos sraig\u0117s implantais (kochleoimplantais = KJ) problemos&#8221;; Danut\u0117 Kri\u0161\u010di\u016bnien\u0117, Panev\u0117\u017eio kur\u010di\u0173j\u0173 ir neprigirdin\u010di\u0173 pagrindin\u0117s mokyklos direktor\u0117;14.00 &#8222;Akl\u0173j\u0173 ir silpnaregi\u0173 ugdymo patirtis \u0161iandien ir vizija rytdienai&#8221;; Angel\u0117 Daujotien\u0117, Lietuvos akl\u0173j\u0173 ir silpnaregi\u0173 ugdymo centro direktor\u0117; &#8222;Kur\u010dneregi\u0173 vaik\u0173 ugdymas Lietuvoje&#8221;; Dalia Taurien\u0117, Lietuvos akl\u0173j\u0173 ir silpnaregi\u0173 ugdymo centro, Kur\u010dneregi\u0173 ugdymo skyriaus ved\u0117ja;14.15 &#8222;\u017dmoni\u0173 su klausos ir regos negalia profesinis mokymas&#8221;; Algirdas Urnavi\u010dius, \u0160vietimo ir mokslo ministerijos, Profesinio mokymo skyriaus vyriausias specialistas;14.30 &#8222;Auk\u0161tojo mokslo prieinamumas ne\u012fgaliesiems Lietuvoje&#8221;; R\u016bta Ruolyt\u0117, Lietuvos student\u0173 s\u0105jungos Socialin\u0117s integracijos koordinator\u0117;15.00 &#8222;\u0160eimos patirtis ugdant kur\u010di\u0105 vaik\u0105 bendrojo lavinimo mokykloje&#8221;; Rima Sitavi\u010dien\u0117, Lietuvos \u0161eim\u0173, auginan\u010di\u0173 kur\u010dius ir neprigirdin\u010dius vaikus, bendrijos PAGAVA pirminink\u0117;15.15 &#8222;M\u016bs\u0173 kelias siekiant vidurinio i\u0161silavinimo&#8221;; Vytas Pivoras, Lietuvos kur\u010di\u0173j\u0173 jaunimo organizacijos prezidentas Ar\u016bnas Bra\u017einskas, Kauno apskrities gestu kalbos vert\u0117j\u0173 centro direktor\u0117s pavaduotojas;15.30 Ne\u012fgali\u0173 vaik\u0173 pasisakymai;15.45 Diskusijos;16.15 Rezoliucijos pri\u0117mimas. <\/p>\n<p>Gruod\u017eio 5 d., tre\u010diadien\u012f, Seime vyks konferencija &#8222;\u0160alies bendrojo lavinimo sistema ir ne\u012fgalieji&#8221;. Rengin\u012f organizuoja Lietuvos Respublikos Seimo \u0161eimos ir vaiko reikal\u0173 komisija, Seimo nar\u0117 Vinc\u0117 Vaidevut\u0117 Margevi\u010dien\u0117 ir Vaiko teisi\u0173 apsaugos kontrolieriaus \u012fstaiga.<\/p>\n<p>Konferencijoje did\u017eiausias d\u0117mesys bus skiriamas vaik\u0173 su reg\u0117jimo ir klausos negalia teisi\u0173, ypatingai teis\u0117s \u012f moksl\u0105, u\u017etikrinimo bei \u0161i\u0173 vaik\u0173 dalyvavimo visuomen\u0117s gyvenime problemoms aptarti. Bus atkreiptas d\u0117mesys \u012f 2006 m. gruod\u017eio 13 d. Jungtini\u0173 Taut\u0173 Ne\u012fgali\u0173j\u0173 teisi\u0173 konvencij\u0105 ir jos fakultatyv\u0173 protokol\u0105. Planuojama, kad konferencijoje dalyvaus valstyb\u0117s, apskri\u010di\u0173 ir savivaldybi\u0173 institucij\u0173 atstovai, paslaugas vaikams su reg\u0117jimo ir klausos negalia teikian\u010di\u0173 organizacij\u0173 atstovai, nevyriausybini\u0173 organizacij\u0173 atstovai, kiti suinteresuoti asmenys, taip pat patys vaikai. Pasak organizatori\u0173, konferencija yra puiki proga aptarti esamas problemas, pasidalinti patirtimi bei stiprinti bendradarbiavim\u0105 ir tarpusavio pasitik\u0117jim\u0105, sprend\u017eiant vaik\u0173 su reg\u0117jimo ir klausos negalia teisi\u0173 u\u017etikrinimo problemas. Programa Pirmininkaus Seimo Socialini\u0173 reikal\u0173 ir darbo komiteto nar\u0117 Vinc\u0117 Vaidevut\u0117 Margevi\u010dien\u0117, Rimant\u0117 \u0160ala\u0161evi\u010di\u016bt\u0117, Lietuvos Respublikos Vaiko teisi\u0173 apsaugos kontrolier\u0117.13.00 Sveikinimo \u017eodis; Alvydas Puod\u017eiukas, \u0160vietimo ir mokslo ministerijos sekretorius; Virginijus Domarkas, Seimo \u0161vietimo ir mokslo komiteto pirmininkas;13.10 &#8222;Nauji tarptautiniai \u012fsipareigojimai &#8211; dar vienas \u017eingsnis s\u0117kmingai ne\u012fgali\u0173 vaik\u0173 integracijai&#8221;; Inga Abari\u016bt\u0117, Vaiko teisi\u0173 apsaugos kontrolieriaus patar\u0117ja;13.30 &#8222;Parama ne\u012fgaliems vaikams \u0161eimos politikoje&#8221;; Rima Ba\u0161kien\u0117, Seimo \u0160eimos ir vaiko reikal\u0173 komisijos pirminink\u0117;13.45 &#8222;Vaik\u0173 klausos reabilitacijos sraig\u0117s implantais (kochleoimplantais = KJ) problemos&#8221;; Danut\u0117 Kri\u0161\u010di\u016bnien\u0117, Panev\u0117\u017eio kur\u010di\u0173j\u0173 ir neprigirdin\u010di\u0173 pagrindin\u0117s mokyklos direktor\u0117;14.00 &#8222;Akl\u0173j\u0173 ir silpnaregi\u0173 ugdymo patirtis \u0161iandien ir vizija rytdienai&#8221;; Angel\u0117 Daujotien\u0117, Lietuvos akl\u0173j\u0173 ir silpnaregi\u0173 ugdymo centro direktor\u0117; &#8222;Kur\u010dneregi\u0173 vaik\u0173 ugdymas Lietuvoje&#8221;; Dalia Taurien\u0117, Lietuvos akl\u0173j\u0173 ir silpnaregi\u0173 ugdymo centro, Kur\u010dneregi\u0173 ugdymo skyriaus ved\u0117ja;14.15 &#8222;\u017dmoni\u0173 su klausos ir regos negalia profesinis mokymas&#8221;; Algirdas Urnavi\u010dius, \u0160vietimo ir mokslo ministerijos, Profesinio mokymo skyriaus vyriausias specialistas;14.30 &#8222;Auk\u0161tojo mokslo prieinamumas ne\u012fgaliesiems Lietuvoje&#8221;; R\u016bta Ruolyt\u0117, Lietuvos student\u0173 s\u0105jungos Socialin\u0117s integracijos koordinator\u0117;15.00 &#8222;\u0160eimos patirtis ugdant kur\u010di\u0105 vaik\u0105 bendrojo lavinimo mokykloje&#8221;; Rima Sitavi\u010dien\u0117, Lietuvos \u0161eim\u0173, auginan\u010di\u0173 kur\u010dius ir neprigirdin\u010dius vaikus, bendrijos PAGAVA pirminink\u0117;15.15 &#8222;M\u016bs\u0173 kelias siekiant vidurinio i\u0161silavinimo&#8221;; Vytas Pivoras, Lietuvos kur\u010di\u0173j\u0173 jaunimo organizacijos prezidentas Ar\u016bnas Bra\u017einskas, Kauno apskrities gestu kalbos vert\u0117j\u0173 centro direktor\u0117s pavaduotojas;15.30 Ne\u012fgali\u0173 vaik\u0173 pasisakymai;15.45 Diskusijos;16.15 Rezoliucijos pri\u0117mimas.<\/p>\n","protected":false},"excerpt":{"rendered":"<p>Gruod\u017eio 5 d., tre\u010diadien\u012f, Seime vyks konferencija &#8222;\u0160alies bendrojo lavinimo sistema ir ne\u012fgalieji&#8221;. Rengin\u012f organizuoja Lietuvos Respublikos Seimo \u0161eimos ir vaiko reikal\u0173 komisija, Seimo nar\u0117 Vinc\u0117 Vaidevut\u0117 Margevi\u010dien\u0117 ir Vaiko teisi\u0173 apsaugos kontrolieriaus \u012fstaiga.<\/p>\n","protected":false},"author":1,"featured_media":0,"comment_status":"open","ping_status":"closed","sticky":false,"template":"","format":"standard","meta":{"_acf_changed":false,"footnotes":""},"categories":[],"tags":[224,490,283,489,492,491,225],"site":[],"post_item_type":[27344],"class_list":["post-13888","post","type-post","status-publish","format-standard","hentry","tag-diskusijos","tag-kurciuju","tag-neigalieji","tag-neigaliems","tag-neigaliesiems","tag-neprigirdinciu","tag-salies"],"acf":{"post_sites":false},"aioseo_notices":[],"_links":{"self":[{"href":"https:\/\/www.pasveik.lt\/lt\/wp-json\/wp\/v2\/posts\/13888","targetHints":{"allow":["GET"]}}],"collection":[{"href":"https:\/\/www.pasveik.lt\/lt\/wp-json\/wp\/v2\/posts"}],"about":[{"href":"https:\/\/www.pasveik.lt\/lt\/wp-json\/wp\/v2\/types\/post"}],"author":[{"embeddable":true,"href":"https:\/\/www.pasveik.lt\/lt\/wp-json\/wp\/v2\/users\/1"}],"replies":[{"embeddable":true,"href":"https:\/\/www.pasveik.lt\/lt\/wp-json\/wp\/v2\/comments?post=13888"}],"version-history":[{"count":0,"href":"https:\/\/www.pasveik.lt\/lt\/wp-json\/wp\/v2\/posts\/13888\/revisions"}],"wp:attachment":[{"href":"https:\/\/www.pasveik.lt\/lt\/wp-json\/wp\/v2\/media?parent=13888"}],"wp:term":[{"taxonomy":"category","embeddable":true,"href":"https:\/\/www.pasveik.lt\/lt\/wp-json\/wp\/v2\/categories?post=13888"},{"taxonomy":"post_tag","embeddable":true,"href":"https:\/\/www.pasveik.lt\/lt\/wp-json\/wp\/v2\/tags?post=13888"},{"taxonomy":"site","embeddable":true,"href":"https:\/\/www.pasveik.lt\/lt\/wp-json\/wp\/v2\/site?post=13888"},{"taxonomy":"post_item_type","embeddable":true,"href":"https:\/\/www.pasveik.lt\/lt\/wp-json\/wp\/v2\/post_item_type?post=13888"}],"curies":[{"name":"wp","href":"https:\/\/api.w.org\/{rel}","templated":true}]}}