{"id":13904,"date":"2007-11-18T20:00:00","date_gmt":"2007-11-18T20:00:00","guid":{"rendered":""},"modified":"2007-11-18T20:00:00","modified_gmt":"2007-11-18T20:00:00","slug":"lietuvos-sveikatos-sistemos-pasiekimai-sudomino-moldovos-kolegas","status":"publish","type":"post","link":"https:\/\/www.pasveik.lt\/lt\/sveikatos-ir-medicinos-naujienos\/lietuvos-sveikatos-sistemos-pasiekimai-sudomino-moldovos-kolegas\/13904\/","title":{"rendered":"Lietuvos sveikatos sistemos pasiekimai sudomino Moldovos kolegas"},"content":{"rendered":"<p>\u0160i\u0105 savait\u0119 Vilniuje vie\u0161\u0117jo Moldovos sveikatos apsaugos ministerijos darbuotoj\u0173 grup\u0117, vadovaujama viceministro Mircea Bugos. Vizito tikslas \u2013 susipa\u017einti su m\u016bs\u0173 \u0161alies sveikatos sistemos pl\u0117tra, pasidalinti gerosios praktikos pavyzd\u017eiais, aptarti bendradarbiavimo perspektyvas. Sve\u010diai lank\u0117si Sveikatos apsaugos ministerijoje ir jai pavald\u017eiose institucijose. <\/p>\n<p>Moldovos sveikatos apsaugos ministerijos delegacija susitiko su Sveikatos apsaugos ministerijos sekretore Rima Vaitkiene, Asmens sveikatos skyriaus ved\u0117ju Vytautu Radavi\u010diumi, kitais pareig\u016bnais. Pasveikindama sve\u010dius, Rima Vaitkien\u0117 pa\u017eym\u0117jo: \u201eLietuviai gerbia Moldovos tautos siekius. D\u017eiaugiam\u0117s galimybe pasidalinti \u012fgyta patirtimi \u201c. <\/p>\n<p>Moldovos delegacijos nariai dom\u0117josi Lietuvos sveikatos sistemos reformos etapais, asmens sveikatos prie\u017ei\u016bros pl\u0117tros ypatumais nuo \u0161alies nepriklausomyb\u0117s laiku. \u201eMes labai vertiname J\u016bs\u0173 sveikatos sistemos pasiekt\u0105 lyg\u012f, \u2013 teig\u0117 Moldovos sveikatos apsaugos viceministras Mircea Buga. \u2013 Analizuodami ir lygindami pirmin\u0117s sveikatos prie\u017ei\u016bros sistem\u0173 pertvarkos patirt\u012f m\u016bs\u0173 \u0161alyse, sieksime sukurti Moldovoje sveikatos prie\u017ei\u016br\u0105, kuri b\u016bt\u0173 lygiavert\u0117 kit\u0173 Europos S\u0105jungos \u0161ali\u0173 sveikatos prie\u017ei\u016bros sistemoms\u201c. Kolegos i\u0161 Moldovos papasakojo, kaip jiems sekasi pertvarkyti savo sveikatos apsaug\u0105, sveikatos draudim\u0105 ir sak\u0117, jog geriausios lauktuv\u0117s \u2013 atitinkam\u0173 Lietuvos teis\u0117s akt\u0173, apra\u0161\u0173, metodik\u0173 kopijos, kurios jiems pravers praktikoje. <\/p>\n<p>Sve\u010diai buvo supa\u017eindinti su neseniai Lietuvoje patvirtina Pirmin\u0117s sveikatos prie\u017ei\u016bros pl\u0117tros koncepcija, kurios tikslas \u2013 u\u017etikrinti, kad pirmin\u0117 sveikatos prie\u017ei\u016bra apimt\u0173 pirmin\u0119 asmens, odontologin\u0119 ir psichikos sveikatos prie\u017ei\u016br\u0105, kuo racionaliau panaudojant ir paskirstant \u017emogi\u0161kuosius ir materialiuosius i\u0161teklius. Taip pat pristatytas Tolesn\u0117s sveikatos sistemos pl\u0117tros 2007\u20132015 m. metmen\u0173 projektas, kuriame i\u0161d\u0117stytos pagrindin\u0117s Lietuvos sveikatos sistemos raidos kryptys, j\u0173 \u012fgyvendinimo strategija. <\/p>\n<p>\u201ePirmin\u0117s sveikatos prie\u017ei\u016bros reforma \u2013 nuolatinis procesas, apimantis \u0161eimos gydytojo institucijos stiprinim\u0105, mediko vaidmens visuomen\u0117je didinim\u0105. Pirmin\u0117 grandis ypa\u010d svarbi, joje tur\u0117t\u0173 b\u016bt\u0173 sprend\u017eiama 80 proc. vis\u0173 sveikatos problem\u0173,\u201c\u2013 teig\u0117 ministerijos Asmens sveikatos skyriaus ved\u0117jas Vytautas Radavi\u010dius. Pasak jo, nuo Lietuvos nepriklausomyb\u0117s atk\u016brimo buvo siekiama formuoti sveikatos politik\u0105, u\u017etikrinan\u010di\u0105 \u017emogui geresn\u0119 sveikat\u0105, sveik\u0105 aplink\u0105, priimtin\u0105 ir prieinam\u0105 sveikatos prie\u017ei\u016br\u0105. <\/p>\n<p>Moldovos delegacija lank\u0117si Valstybin\u0117je ligoni\u0173 kasoje prie Sveikatos apsaugos ministerijos, dom\u0117josi m\u016bs\u0173 \u0161alies sveikatos draudimo sistema, ligoni\u0173 kas\u0173 santykiais su savo partneriais. Taip pat sve\u010diai siek\u0117 susipa\u017einti su patirtimi, kuriant metodines rekomendacijas, organizuojant sveikatos prie\u017ei\u016bros \u012fstaig\u0173 ir specialist\u0173 licencijavim\u0105 bei akreditavim\u0105, pl\u0117tojant sveikatos prie\u017ei\u016bros kokyb\u0117s u\u017etikrinimo mechanizmus, u\u017etikrinant sveikatos sektoriuje vykdom\u0173 vie\u0161\u0173j\u0173 pirkim\u0173 skaidrum\u0105. Jie lank\u0117si Valstybin\u0117je akreditavimo sveikatos prie\u017ei\u016bros veiklai tarnyboje, Valstybin\u0117je medicininio audito inspekcijoje, Vilniaus universiteto ligonin\u0117s Santari\u0161ki\u0173 klinikose, susitiko su visuomenini\u0173 medik\u0173 organizacij\u0173 atstovais. <\/p>\n<p>SAM Ry\u0161i\u0173 su visuomene skyrius <br \/>\nNatalja Keturkien\u0117, tel. (8 5) 266 1411, natalja.keturkiene@sam.lt, www.sam.lt <\/p>\n<p><\/p>\n","protected":false},"excerpt":{"rendered":"<p>\u0160i\u0105 savait\u0119 Vilniuje vie\u0161\u0117jo Moldovos sveikatos apsaugos ministerijos darbuotoj\u0173 grup\u0117, vadovaujama viceministro Mircea Bugos. Vizito tikslas \u2013 susipa\u017einti su m\u016bs\u0173 \u0161alies sveikatos sistemos pl\u0117tra, pasidalinti gerosios praktikos pavyzd\u017eiais, aptarti bendradarbiavimo perspektyvas. Sve\u010diai lank\u0117si Sveikatos apsaugos ministerijoje ir jai pavald\u017eiose institucijose. <\/p>\n","protected":false},"author":1,"featured_media":0,"comment_status":"open","ping_status":"closed","sticky":false,"template":"","format":"standard","meta":{"_acf_changed":false,"footnotes":""},"categories":[],"tags":[225],"site":[],"post_item_type":[27344],"class_list":["post-13904","post","type-post","status-publish","format-standard","hentry","tag-salies"],"acf":{"post_sites":false},"aioseo_notices":[],"_links":{"self":[{"href":"https:\/\/www.pasveik.lt\/lt\/wp-json\/wp\/v2\/posts\/13904","targetHints":{"allow":["GET"]}}],"collection":[{"href":"https:\/\/www.pasveik.lt\/lt\/wp-json\/wp\/v2\/posts"}],"about":[{"href":"https:\/\/www.pasveik.lt\/lt\/wp-json\/wp\/v2\/types\/post"}],"author":[{"embeddable":true,"href":"https:\/\/www.pasveik.lt\/lt\/wp-json\/wp\/v2\/users\/1"}],"replies":[{"embeddable":true,"href":"https:\/\/www.pasveik.lt\/lt\/wp-json\/wp\/v2\/comments?post=13904"}],"version-history":[{"count":0,"href":"https:\/\/www.pasveik.lt\/lt\/wp-json\/wp\/v2\/posts\/13904\/revisions"}],"wp:attachment":[{"href":"https:\/\/www.pasveik.lt\/lt\/wp-json\/wp\/v2\/media?parent=13904"}],"wp:term":[{"taxonomy":"category","embeddable":true,"href":"https:\/\/www.pasveik.lt\/lt\/wp-json\/wp\/v2\/categories?post=13904"},{"taxonomy":"post_tag","embeddable":true,"href":"https:\/\/www.pasveik.lt\/lt\/wp-json\/wp\/v2\/tags?post=13904"},{"taxonomy":"site","embeddable":true,"href":"https:\/\/www.pasveik.lt\/lt\/wp-json\/wp\/v2\/site?post=13904"},{"taxonomy":"post_item_type","embeddable":true,"href":"https:\/\/www.pasveik.lt\/lt\/wp-json\/wp\/v2\/post_item_type?post=13904"}],"curies":[{"name":"wp","href":"https:\/\/api.w.org\/{rel}","templated":true}]}}