{"id":13923,"date":"2007-10-26T18:00:00","date_gmt":"2007-10-26T18:00:00","guid":{"rendered":""},"modified":"2007-10-26T18:00:00","modified_gmt":"2007-10-26T18:00:00","slug":"sergantys-zvyneline-kencia-del-medicininiu-psichologiniu-bei-socialiniu-problemu","status":"publish","type":"post","link":"https:\/\/www.pasveik.lt\/lt\/sveikatos-ir-medicinos-naujienos\/sergantys-zvyneline-kencia-del-medicininiu-psichologiniu-bei-socialiniu-problemu\/13923\/","title":{"rendered":"Sergantys \u017evyneline ken\u010dia d\u0117l medicinini\u0173, psichologini\u0173 bei socialini\u0173 problem\u0173"},"content":{"rendered":"<p>Nuo 2004 met\u0173 kiekvien\u0105 ruden\u012f, spalio 29 dien\u0105 minima Pasaulin\u0117 \u017evyneline sergan\u010di\u0173j\u0173 diena. \u0160i\u0173 met\u0173 \u017evynelin\u0117s dienos devizas \u2013 ,,<a href=\"https:\/\/pasveik.lt\/lt\/ligos-ir-sindromai\/zvyneline\/4303\">\u017dvynelin\u0117<\/a> ir sportas\u201d. <\/p>\n<p>Pirm\u0105 kart\u0105 minint \u0161i\u0105 dien\u0105 buvo priimta Pacient\u0173 deklaracija. Ja siekiama atkreipti visuomen\u0117s, medik\u0173, politik\u0173 d\u0117mes\u012f \u012f sergan\u010di\u0173j\u0173 \u017evyneline gyvenimo, medicinin\u0117s ir socialin\u0117s pagalbos problemas, skatinti mokslinius \u0161ios ligos tyrin\u0117jimus, nauj\u0173 efektyvesni\u0173 vaist\u0173 ir gydymo metod\u0173 k\u016brim\u0105. Stengiamasi keisti sveikosios visuomen\u0117s po\u017ei\u016br\u012f \u012f \u0161i\u0105 lig\u0105. <\/p>\n<p>Pagal statistinius duomenis beveik 60 proc. sergan\u010di\u0173j\u0173 \u017evyneline nurodo patiriantys aplinkini\u0173 diskriminacij\u0105. Visuomen\u0117je vis dar paplit\u0119s neteisingas \u012fsitikinimas, es\u0105 \u017evynelin\u0117 u\u017ekre\u010diama arba j\u0105 sukelia prasta higiena. <\/p>\n<p>Vilniaus universiteto ligonin\u0117s Santari\u0161ki\u0173 klinik\u0173 (VUL SK) Dermatovenerologijos centro docent\u0117s Irenos Mar\u010diukaitien\u0117s teigimu, tai \u2013 neteisingas po\u017ei\u016bris. \u201e<a href=\"https:\/\/pasveik.lt\/lt\/ligos-ir-sindromai\/zvyneline\/4303\">\u017dvynelin\u0117<\/a> \u2013 neu\u017ekre\u010diama liga ir ji n\u0117ra tik kosmetin\u0117 problema, kaip daugelis mano\u201c, &#8211; teigia docent\u0117. <\/p>\n<p><a href=\"https:\/\/pasveik.lt\/lt\/ligos-ir-sindromai\/zvyneline\/4303\">\u017dvynelin\u0117<\/a> (psoriaz\u0117) viena da\u017eniausia l\u0117tini\u0173 u\u017edegim\u0173 sukeliam\u0173 odos lig\u0173, kuria serga apie 2-3 proc. \u017emoni\u0173. I\u0161 viso \u017evyneline serga apie 125 milijonai pasaulio gyventoj\u0173. Lietuvoje \u2013 daugiau nei 120 t\u016bkstan\u010di\u0173. Pasak doc. I. Mar\u010diukaitien\u0117s, tai &#8211; liga \u201cvisam gyvenimui\u201d \u2013 sukelianti did\u017eiul\u012f psichologin\u012f, socialin\u012f ir fizin\u012f diskomfort\u0105. Ligon\u012f vargina gausiai pleiskanojantys, su skausmingais \u012ftr\u016bkimais b\u0117rimai \u012fvairiose k\u016bno srityse, pagelt\u0119, aptrup\u0117j\u0119 nagai, skausmingi, deformuoti s\u0105nariai. <\/p>\n<p>Devyniose Europos \u0161alyse buvo atliktas Gyvenimo kokyb\u0117s tyrimas. Atliekant j\u012f Lietuvoje, dalyvavo apie 18000 sergan\u010di\u0173j\u0173 \u017evyneline. Tyrimo rezultatai parod\u0117, kad \u0161ia liga sergantieji ken\u010dia tiek pat, kaip ir sergantieji v\u0117\u017eiu, diabetu, \u0161irdies nepakankamumu, reumatoidiniu artritu bei <a href=\"https:\/\/pasveik.lt\/lt\/ligos-ir-sindromai\/depresija\/4455\">depresija<\/a>. <\/p>\n<p>Yra \u017einoma daug i\u0161orini\u0173 ir vidini\u0173 \u017evynelin\u0119 provokuojan\u010di\u0173 veiksni\u0173: \u016bmin\u0117s ir l\u0117tin\u0117s infekcijos, med\u017eiag\u0173 apykaitos sutrikimai, stresas, alkoholis, kai kurie medikamentai ir kontaktiniai dirgikliai. Genetiniai tyrimai parod\u0117, kad \u017evynelin\u0117 yra 60-70 proc. paveldima. Da\u017eniausiai susergama 20-40 met\u0173, ta\u010diau gali susirgti ir k\u016bdikiai bei vyresnio am\u017eiaus \u017emon\u0117s. Vyrai ir moterys serga vienodai da\u017enai. Nustatyta, kad pagrindin\u0117 \u017evynelin\u0117s prie\u017eastis yra d\u0117l odoje vykstan\u010dios imunologin\u0117s reakcijos, sukelian\u010dios u\u017edegim\u0105 odoje. \u017dmogaus sergan\u010dio \u017evyneline, epidermio l\u0105steli\u0173 rag\u0117jimas vyksta kelet\u0105 kart\u0173 grei\u010diau nei sveiko, tai pasirei\u0161kia labai sustipr\u0117jusiu odos pleiskanojimu. Ligos prad\u017eioje odoje atsiranda raudonos spalvos mazgeliai (papul\u0117s), kuriems susiliejus susidaro \u012fvairaus didumo \u017eidiniai, padengti sidabro spalvos pleiskanomis. Gali i\u0161berti bet kuri\u0105 odos viet\u0105, ta\u010diau da\u017eniausiai pa\u017eeid\u017eiama galvos plaukuotoji dalis, keli\u0173, alk\u016bni\u0173, kry\u017ekaulio oda. Liga gali pa\u017eeisti deln\u0173 ir pad\u0173 od\u0105, odos rauk\u0161les. Tre\u010ddaliui sergan\u010di\u0173j\u0173 pa\u017eeid\u017eiami nagai, 7-10 proc. ligoni\u0173 \u2013 s\u0105nariai. <\/p>\n<p>Medik\u0173 manymu, \u017evynelin\u0117 yra l\u0117tin\u0117 liga. Jos gydymui tiek pacientas, tiek valstyb\u0117 i\u0161leid\u017eia daug l\u0117\u0161\u0173, tod\u0117l &#8211; labai svarbi ligos kontrol\u0117. \u017dvynelin\u0117s gydymo tikslas \u2013 suma\u017einti ar panaikinti ligos simptomus, pasiekti kuo ilgesn\u0119 remisij\u0105, pagerinti paciento gyvenimo kokyb\u0119. <\/p>\n<p>Doc. I. Mar\u010diukaitien\u0117 papasakojo, jog minimaliai i\u0161plitusi, lokalizuota \u017evynelin\u0117s forma, kuomet pa\u017eeista ma\u017eiau nei 20 proc. odos, pakankamai gerai kontroliuojama i\u0161orinio vartojimo priemon\u0117mis. Anot jos, \u0161ioje ligos formoje svarbu tinkama odos prie\u017ei\u016bra, vengti lig\u0105 provokuojan\u010di\u0173 veiksni\u0173. <\/p>\n<p>\u201eTa\u010diau didesn\u0117 dalis pacient\u0173 serga i\u0161plitusia, generalizuota \u017evynelin\u0117s forma, kuri neretai turi ir s\u0105nari\u0173 pa\u017eeidim\u0105\u201c, &#8211; ai\u0161kino doc. I. Mar\u010diukaitien\u0117. Pasak jos, tokiems ligoniams reikalingas stacionarinis gydymas, nes vien i\u0161ori\u0161kai vartojami vaistai &#8211; ma\u017eai efektyv\u016bs. <\/p>\n<p>\u201cD\u017eiugu, jog pasaulyje atliekami tolimesni \u017evynelin\u0117s moksliniai tyrimai. Gen\u0173 lygyje ie\u0161koma saugesni\u0173, efektyvesni\u0173, u\u017etikrinan\u010di\u0173 ilgalaik\u0119 ligos remisij\u0105 vaist\u0173\u201c, &#8211; teig\u0117 doc. I.Mar\u010diukaitien\u0117. <\/p>\n<p>Nuo 2000 met\u0173 prad\u017eios Vilniuje atkurta \u017evyneline sergan\u010di\u0173j\u0173 draugija. Ji savanori\u0161kais pagrindais buria Vilniaus apskrities sergan\u010diuosius \u017evyneline liga, j\u0173 artimuosius, medikus ir kitus asmenis, besidominan\u010dius \u0161ios ligos keliamomis problemomis. Jos adresas: Vilniaus universiteto ligonin\u0117s Santari\u0161ki\u0173 klinikos Dermatovenerologijos centras, J.Kairi\u016bk\u0161\u010dio g.-v\u0117 2. <\/p>\n<p>\nKontaktiniai asmenys: <\/p>\n<p>Gitana Letukien\u0117 &#8211; VUL SK vyr.specialist\u0117 ry\u0161iams su visuomene; <br \/>\ntel.: 8 5 2365097; 8655 19339; el.p.: gitana.letukiene@santa.lt; www.santa.lt; <\/p>\n<p>doc. Irena Mar\u010diukaitien\u0117 &#8211; VUL SK Dermatovenerologijos centro konsultant\u0117; <br \/>\ntel.: 8687 86514; el.p.: irena.marciukaitiene@santa.lt <\/p>\n","protected":false},"excerpt":{"rendered":"<p>Nuo 2004 met\u0173 kiekvien\u0105 ruden\u012f, spalio 29 dien\u0105 minima Pasaulin\u0117 \u017evyneline sergan\u010di\u0173j\u0173 diena. \u0160i\u0173 met\u0173 \u017evynelin\u0117s dienos devizas \u2013 ,,\u017dvynelin\u0117 ir sportas\u201d. <\/p>\n","protected":false},"author":1,"featured_media":0,"comment_status":"open","ping_status":"closed","sticky":false,"template":"","format":"standard","meta":{"_acf_changed":false,"footnotes":""},"categories":[],"tags":[243,465,466,138,464,467],"site":[],"post_item_type":[27344],"class_list":["post-13923","post","type-post","status-publish","format-standard","hentry","tag-ligonines","tag-nagai","tag-sanariai","tag-vaistai","tag-zvyneline","tag-zvynelines-forma"],"acf":{"post_sites":false},"aioseo_notices":[],"_links":{"self":[{"href":"https:\/\/www.pasveik.lt\/lt\/wp-json\/wp\/v2\/posts\/13923","targetHints":{"allow":["GET"]}}],"collection":[{"href":"https:\/\/www.pasveik.lt\/lt\/wp-json\/wp\/v2\/posts"}],"about":[{"href":"https:\/\/www.pasveik.lt\/lt\/wp-json\/wp\/v2\/types\/post"}],"author":[{"embeddable":true,"href":"https:\/\/www.pasveik.lt\/lt\/wp-json\/wp\/v2\/users\/1"}],"replies":[{"embeddable":true,"href":"https:\/\/www.pasveik.lt\/lt\/wp-json\/wp\/v2\/comments?post=13923"}],"version-history":[{"count":0,"href":"https:\/\/www.pasveik.lt\/lt\/wp-json\/wp\/v2\/posts\/13923\/revisions"}],"wp:attachment":[{"href":"https:\/\/www.pasveik.lt\/lt\/wp-json\/wp\/v2\/media?parent=13923"}],"wp:term":[{"taxonomy":"category","embeddable":true,"href":"https:\/\/www.pasveik.lt\/lt\/wp-json\/wp\/v2\/categories?post=13923"},{"taxonomy":"post_tag","embeddable":true,"href":"https:\/\/www.pasveik.lt\/lt\/wp-json\/wp\/v2\/tags?post=13923"},{"taxonomy":"site","embeddable":true,"href":"https:\/\/www.pasveik.lt\/lt\/wp-json\/wp\/v2\/site?post=13923"},{"taxonomy":"post_item_type","embeddable":true,"href":"https:\/\/www.pasveik.lt\/lt\/wp-json\/wp\/v2\/post_item_type?post=13923"}],"curies":[{"name":"wp","href":"https:\/\/api.w.org\/{rel}","templated":true}]}}