{"id":13940,"date":"2007-10-14T18:00:00","date_gmt":"2007-10-14T18:00:00","guid":{"rendered":""},"modified":"2007-10-14T18:00:00","modified_gmt":"2007-10-14T18:00:00","slug":"baltosios-lazdeles-diena-neregiu-ir-visuomenes-bendrumo-paieskos","status":"publish","type":"post","link":"https:\/\/www.pasveik.lt\/lt\/sveikatos-ir-medicinos-naujienos\/baltosios-lazdeles-diena-neregiu-ir-visuomenes-bendrumo-paieskos\/13940\/","title":{"rendered":"Baltosios lazdel\u0117s dien\u0105 &#8211; neregi\u0173 ir visuomen\u0117s bendrumo paie\u0161kos"},"content":{"rendered":"<p>Neregys ir vietos bendruomen\u0117 &#8211; toki\u0105 tem\u0105 \u0161iais metais Lietuvos akl\u0173j\u0173 ir silpnaregi\u0173 s\u0105junga (LASS) pasirinko min\u0117dama Tarptautin\u0119 baltosios lazdel\u0117s dien\u0105.<\/p>\n<p>Lietuvos akl\u0173j\u0173 ir silpnaregi\u0173 s\u0105junga vienija beveik 7000 reg\u0117jimo ne\u012fgali\u0173j\u0173. Daugiau negu pus\u0117 asociacijos nari\u0173 (apie 60 proc.) gyvena rajon\u0173 centruose, ma\u017euose miesteliuose, kaimuose ar vienkiemiuose.<\/p>\n<p>Spalio 15-\u0105j\u0105, minint Tarptautin\u0119 baltosios lazdel\u0117s dien\u0105, ir bus stengiamasi atkreipti vietos seni\u016bnij\u0173, rajon\u0173 savivaldybi\u0173, bendruomeni\u0173 bei \u017einiasklaidos d\u0117mes\u012f \u012f atokiuose rajonuose, ma\u017euose miesteliuose bei kaimo vietov\u0117se gyvenan\u010di\u0173 akl\u0173j\u0173 ir silpnaregi\u0173 poreikius.<\/p>\n<p>Ar juos pasiekia informacija, b\u016btiniausios socialin\u0117s paslaugos, technin\u0117s pagalbos priemon\u0117s, ar reg\u0117jimo ne\u012fgaliesiems prieinama gyvybi\u0161kai b\u016btina oftalmolog\u0173 pagalba, transportas, ar \u0161iems \u017emon\u0117ms negresia socialin\u0117 atskirtis &#8211; \u012f \u0161iuos ir dar daugel\u012f kit\u0173 klausim\u0173 atsakym\u0173 bus ie\u0161koma tiesiogiai bendraujant su reg\u0117jimo ne\u012fgaliaisiais, vietos seni\u016bnij\u0173 ir rajono savivaldybi\u0173 bei globos ir r\u016bpybos centr\u0173 atstovais, LASS atsakingais specialistais ir vadovais. <\/p>\n<p>\u0160alies region\u0173 centruose ir rajon\u0173 filialuose spalio m\u0117nes\u012f vyksta projektas &#8222;Kitas gyvenimas&#8221;. Jo metu \u0161alies rajonuose organizuojami vakarai, susitikimai, diskusijos, parodos, spaudos konferencijos. \u012e visus \u0161iuos renginius stengiamasi \u012ftraukti vietos seni\u016bnijas, rajon\u0173 savivaldybes, LASS region\u0173 bei socialini\u0173 paslaug\u0173 centrus. <\/p>\n<p>Tarptautin\u0117s baltosios lazdel\u0117s dienos proga, kaip ir kasmet, visuose \u0161alies regionuose vyks daugyb\u0117 \u012fvairi\u0173 rengini\u0173 visuomenei. Tradicin\u0117s, 10-osios Lietuvos akl\u0173j\u0173 ir silpnaregi\u0173 s\u0105jungos dienos &#8222;Susitikimai&#8221; \u0161iais metais surengtos Raseiniuose. J\u0173 metu Raseini\u0173 rajono kult\u016bros centre veik\u0117 informacin\u0117-reklamin\u0117 ekspozicija apie LASS veikl\u0105 bei akl\u0173j\u0173 \u0161vietim\u0105, buvo demonstruojamos pagrindin\u0117s technin\u0117s pagalbos priemon\u0117s, veik\u0117 daili\u0173j\u0173 amat\u0173 meistr\u0173 ir tautodailinink\u0173 k\u016brybos darb\u0173 paroda, koncertavo Kauno, Raseini\u0173 bei Panev\u0117\u017eio geriausi meno m\u0117g\u0117j\u0173 kolektyvai ir atlik\u0117jai.<\/p>\n<p>\u012e Tarptautinei baltosios lazdel\u0117s dienai skirt\u0105 koncert\u0105 &#8222;Ro\u017e\u0117s daina&#8221; pirmadien\u012f pakvies choras &#8222;Vilnius&#8221;. Nuotaikingas renginys vyks Vilniaus rotu\u0161\u0117je, dalyvaus Lietuvos vokalo \u017evaig\u017ed\u0117s ir Povilo Jaramino bei Jaroslavo Cechanovi\u010diaus instrumentin\u0117 grup\u0117, skamb\u0117s Algimanto Raudonikio dainos. <\/p>\n","protected":false},"excerpt":{"rendered":"<p>Neregys ir vietos bendruomen\u0117 &#8211; toki\u0105 tem\u0105 \u0161iais metais Lietuvos akl\u0173j\u0173 ir silpnaregi\u0173 s\u0105junga (LASS) pasirinko min\u0117dama Tarptautin\u0119 baltosios lazdel\u0117s dien\u0105.<\/p>\n","protected":false},"author":1,"featured_media":0,"comment_status":"open","ping_status":"closed","sticky":false,"template":"","format":"standard","meta":{"_acf_changed":false,"footnotes":""},"categories":[],"tags":[225],"site":[],"post_item_type":[27344],"class_list":["post-13940","post","type-post","status-publish","format-standard","hentry","tag-salies"],"acf":{"post_sites":false},"aioseo_notices":[],"_links":{"self":[{"href":"https:\/\/www.pasveik.lt\/lt\/wp-json\/wp\/v2\/posts\/13940","targetHints":{"allow":["GET"]}}],"collection":[{"href":"https:\/\/www.pasveik.lt\/lt\/wp-json\/wp\/v2\/posts"}],"about":[{"href":"https:\/\/www.pasveik.lt\/lt\/wp-json\/wp\/v2\/types\/post"}],"author":[{"embeddable":true,"href":"https:\/\/www.pasveik.lt\/lt\/wp-json\/wp\/v2\/users\/1"}],"replies":[{"embeddable":true,"href":"https:\/\/www.pasveik.lt\/lt\/wp-json\/wp\/v2\/comments?post=13940"}],"version-history":[{"count":0,"href":"https:\/\/www.pasveik.lt\/lt\/wp-json\/wp\/v2\/posts\/13940\/revisions"}],"wp:attachment":[{"href":"https:\/\/www.pasveik.lt\/lt\/wp-json\/wp\/v2\/media?parent=13940"}],"wp:term":[{"taxonomy":"category","embeddable":true,"href":"https:\/\/www.pasveik.lt\/lt\/wp-json\/wp\/v2\/categories?post=13940"},{"taxonomy":"post_tag","embeddable":true,"href":"https:\/\/www.pasveik.lt\/lt\/wp-json\/wp\/v2\/tags?post=13940"},{"taxonomy":"site","embeddable":true,"href":"https:\/\/www.pasveik.lt\/lt\/wp-json\/wp\/v2\/site?post=13940"},{"taxonomy":"post_item_type","embeddable":true,"href":"https:\/\/www.pasveik.lt\/lt\/wp-json\/wp\/v2\/post_item_type?post=13940"}],"curies":[{"name":"wp","href":"https:\/\/api.w.org\/{rel}","templated":true}]}}