{"id":13986,"date":"2007-09-13T18:00:00","date_gmt":"2007-09-13T18:00:00","guid":{"rendered":""},"modified":"2007-09-13T18:00:00","modified_gmt":"2007-09-13T18:00:00","slug":"sveikatos-apsaugos-ministerijoje-siaures-matmens-partnerystes-atstovu-posedis","status":"publish","type":"post","link":"https:\/\/www.pasveik.lt\/lt\/sveikatos-ir-medicinos-naujienos\/sveikatos-apsaugos-ministerijoje-siaures-matmens-partnerystes-atstovu-posedis\/13986\/","title":{"rendered":"Sveikatos apsaugos ministerijoje \u2013 \u0160iaur\u0117s matmens partneryst\u0117s atstov\u0173 pos\u0117dis"},"content":{"rendered":"<p>\u0160iandien Sveikatos apsaugos ministerijoje vyksta \u0160iaur\u0117s matmens partneryst\u0117s visuomen\u0117s sveikatos ir socialin\u0117s gerov\u0117s srityje specialist\u0173 strateginis pos\u0117dis. Ministerijos U\u017esienio ry\u0161i\u0173 skyriaus organizuojamame renginyje dalyvauja \u0161iai politinei iniciatyvai pirmininkaujan\u010dios \u0161alies \u2013 Lietuvos ir j\u0105 pavaduojan\u010dios \u0161alies \u2013 Norvegijos bei partneryst\u0117s sekretoriato atstovai, ekspert\u0173 grupi\u0173 vadovai. Susitikimo tikslas \u2013 aptarti \u0161i\u0173 met\u0173 partneryst\u0117s pasiekimus ir veiklos perspektyvas, pasirengti b\u016bsimiems svarbiausiems met\u0173 renginiams: metinei auk\u0161\u010diausio lygio konferencijai ir forumui, kuriame bus aptariama bendra politika sveikatos darbe srityje. <\/p>\n<p>\u0160iaur\u0117s matmens partneryst\u0117s tikslas \u2013 nukreipti Europos S\u0105jungos strateginius interesus \u0160iaur\u0117s Europos link, sustiprinant vis\u0173 Baltijos j\u016bros regiono \u0161ali\u0173 ir Rusijos bendradarbiavim\u0105. Lietuva 2006\u20132007 m. i\u0161rinkta pirmininkaujan\u010dia \u0160iaur\u0117s matmens partnerystei \u0161alimi visuomen\u0117s sveikatos ir socialin\u0117s gerov\u0117s srityje. \u0160i\u0105 veikl\u0105 koordinuoja Lietuvos Respublikos sveikatos apsaugos ministerija. Siekiama laikytis aktyvios pozicijos, nes ES ir kit\u0173 tarptautini\u0173 organizacij\u0173 partneri\u0173 suteiktas mandatas \u012fpareigoja m\u016bs\u0173 \u0161al\u012f stiprinti tarptautin\u012f bendradarbiavim\u0105 regione. <\/p>\n<p>\u201eArt\u0117jame prie Lietuvos pirmininkavimo \u0161iai tarptautinei iniciatyvai pabaigos, \u2013 teigia \u0160iaur\u0117s matmens visuomen\u0117s sveikatos ir socialin\u0117s gerov\u0117s Vyresni\u0173j\u0173 pareig\u016bn\u0173 komiteto vadovas Sveikatos apsaugos ministerijos U\u017esienio ry\u0161i\u0173 skyriaus ved\u0117jas Viktoras Mei\u017eis. \u2013 Turime svari\u0173 pasiekim\u0173 \u012fgyvendinant \u0161i\u0105 atsaking\u0105 misij\u0105. Pavyko i\u0161spr\u0119sti daug svarbi\u0173 partneryst\u0117s klausim\u0173\u201c. Pasak V. Mei\u017eio, suaktyvinta sekretoriato veikla, atnaujintas ekspert\u0173 grupi\u0173 darbas, organizuoti pasitarimai ir seminarai aktualiausiais regionui klausimais sveikatos ir socialin\u0117s gerov\u0117s srityje. Kartu \u012fgyvendinamas Europos Komisijos finansuojamas \u0160iaur\u0117s matmens partneryst\u0117s duomen\u0173 baz\u0117s rengimo projektas. Duomen\u0173 baz\u0117 pad\u0117s sukurti efektyv\u0173 partneryst\u0117s \u0161ali\u0173 bendradarbiavimo mechanizm\u0105, leid\u017eiant\u012f analizuoti iniciatyvos pl\u0117tr\u0105, koordinuoti jos nari\u0173 \u012fgyvendinamus projektus, finansavimo \u0161altini\u0173 paie\u0161k\u0105. <\/p>\n<p>\u201eKas pirmininkaus \u0160iaur\u0117s matmens iniciatyvai visuomen\u0117s sveikatos ir socialin\u0117s gerov\u0117s srityje nuo 2008 m. bus sprend\u017eiama lapkri\u010dio 16 d. Vilniuje Sveikatos apsaugos ministerijos organizuojamoje metin\u0117je auk\u0161\u010diausio lygio ministr\u0173 konferencijoje, \u2013 teigia V. Mei\u017eis. \u2013 Prie\u0161 j\u0105, lapkri\u010dio 15 d., Vilniuje vyks konferencija-forumas \u201eSveikas gyvenimas \u2013 sveika darbo vieta\u201c. Ji bus skirta sveikatos politikos formuotojams ir vykdytojams, sveikatos ir socialin\u0117s apsaugos specialistams, partneryst\u0117s nariams. Planuojama pristatyti Pasaulio sveikatos organizacijos, Europos S\u0105jungos ir Tarptautin\u0117s darbo organizacijos sveikatos darbe strategijas ir rekomendacijas\u201c. <\/p>\n<p>\u0160iaur\u0117s matmens politikos pl\u0117tra prasid\u0117jo 1997 m. Suomijos Vyriausyb\u0117s ir Europos Komisijos iniciatyva. 2003 m. Osle (Norvegija) buvo priimta deklaracija, skirta \u0160iaur\u0117s matmens partneryst\u0117s \u012fsteigimui visuomen\u0117s sveikatos ir socialin\u0117s gerov\u0117s srityje. Jos partneriai \u2013 13 \u0161ali\u0173: Norvegija, Suomija, \u0160vedija, Danija, Islandija, Estija, Latvija, Lietuva, Lenkija, Rusija, Pranc\u016bzija, Kanada ir Vokietija. Kartu yra \u012fsitraukusios ir 8 tarptautin\u0117s organizacijos: Pasaulio sveikatos organizacija, Europos S\u0105junga, Tarptautin\u0117 migracijos organizacija, UNAIDS, Baltijos j\u016bros valstybi\u0173 taryba, \u0160iaur\u0117s Ministr\u0173 Taryba, Barenco Euro-Arktikos regiono taryba, Tarptautin\u0117 darbo organizacija. \u0160i\u0173 met\u0173 rugpj\u016b\u010dio 24 d. Baltijos j\u016bros valstybi\u0173 subregioninio bendradarbiavimo institucija tapo nauju partneriu. <\/p>\n<p>\nDaugiau informacijos \u2013 http:\/\/www.ndphs.org<\/p>\n<p>\nSAM Ry\u0161i\u0173 su visuomene skyrius<br \/>\nNatalja Keturkien\u0117<br \/>\nTel. (8 5) 266 1411<br \/>\nnatalja.keturkiene@sam.lt<br \/>\nwww.sam.lt<\/p>\n","protected":false},"excerpt":{"rendered":"<p>\u0160iandien Sveikatos apsaugos ministerijoje vyksta \u0160iaur\u0117s matmens partneryst\u0117s visuomen\u0117s sveikatos ir socialin\u0117s gerov\u0117s srityje specialist\u0173 strateginis pos\u0117dis. Ministerijos U\u017esienio ry\u0161i\u0173 skyriaus organizuojamame renginyje dalyvauja \u0161iai politinei iniciatyvai pirmininkaujan\u010dios \u0161alies \u2013 Lietuvos ir j\u0105 pavaduojan\u010dios \u0161alies \u2013 Norvegijos bei partneryst\u0117s sekretoriato atstovai, ekspert\u0173 grupi\u0173 vadovai. Susitikimo tikslas \u2013 aptarti \u0161i\u0173 met\u0173 partneryst\u0117s pasiekimus ir veiklos perspektyvas, pasirengti b\u016bsimiems svarbiausiems met\u0173 renginiams: metinei auk\u0161\u010diausio lygio konferencijai ir forumui, kuriame bus aptariama bendra politika sveikatos darbe srityje.<\/p>\n","protected":false},"author":1,"featured_media":0,"comment_status":"open","ping_status":"closed","sticky":false,"template":"","format":"standard","meta":{"_acf_changed":false,"footnotes":""},"categories":[],"tags":[225],"site":[],"post_item_type":[27344],"class_list":["post-13986","post","type-post","status-publish","format-standard","hentry","tag-salies"],"acf":{"post_sites":false},"aioseo_notices":[],"_links":{"self":[{"href":"https:\/\/www.pasveik.lt\/lt\/wp-json\/wp\/v2\/posts\/13986","targetHints":{"allow":["GET"]}}],"collection":[{"href":"https:\/\/www.pasveik.lt\/lt\/wp-json\/wp\/v2\/posts"}],"about":[{"href":"https:\/\/www.pasveik.lt\/lt\/wp-json\/wp\/v2\/types\/post"}],"author":[{"embeddable":true,"href":"https:\/\/www.pasveik.lt\/lt\/wp-json\/wp\/v2\/users\/1"}],"replies":[{"embeddable":true,"href":"https:\/\/www.pasveik.lt\/lt\/wp-json\/wp\/v2\/comments?post=13986"}],"version-history":[{"count":0,"href":"https:\/\/www.pasveik.lt\/lt\/wp-json\/wp\/v2\/posts\/13986\/revisions"}],"wp:attachment":[{"href":"https:\/\/www.pasveik.lt\/lt\/wp-json\/wp\/v2\/media?parent=13986"}],"wp:term":[{"taxonomy":"category","embeddable":true,"href":"https:\/\/www.pasveik.lt\/lt\/wp-json\/wp\/v2\/categories?post=13986"},{"taxonomy":"post_tag","embeddable":true,"href":"https:\/\/www.pasveik.lt\/lt\/wp-json\/wp\/v2\/tags?post=13986"},{"taxonomy":"site","embeddable":true,"href":"https:\/\/www.pasveik.lt\/lt\/wp-json\/wp\/v2\/site?post=13986"},{"taxonomy":"post_item_type","embeddable":true,"href":"https:\/\/www.pasveik.lt\/lt\/wp-json\/wp\/v2\/post_item_type?post=13986"}],"curies":[{"name":"wp","href":"https:\/\/api.w.org\/{rel}","templated":true}]}}