{"id":14005,"date":"2007-08-29T18:00:00","date_gmt":"2007-08-29T18:00:00","guid":{"rendered":""},"modified":"2007-08-29T18:00:00","modified_gmt":"2007-08-29T18:00:00","slug":"paprastes-naturalaus-mineralinio-vandens-pripazinimo-procedura","status":"publish","type":"post","link":"https:\/\/www.pasveik.lt\/lt\/sveikatos-ir-medicinos-naujienos\/paprastes-naturalaus-mineralinio-vandens-pripazinimo-procedura\/14005\/","title":{"rendered":"Paprast\u0117s nat\u016bralaus mineralinio vandens pripa\u017einimo proced\u016bra"},"content":{"rendered":"<p>Nuo rugs\u0117jo 1 dienos nat\u016bralaus mineralinio vandens pripa\u017einimo Lietuvoje tvarka bus paprastesn\u0117. Sveikatos apsaugos ministro \u012fsakymu vandens pripa\u017einimo nat\u016braliu mineraliniu proced\u016bra maksimaliai sutrumpinta, nustatyta nat\u016bralaus mineralinio vandens pripa\u017einimo Lietuvos Respublikoje protokolo patikslinimo, dublikato i\u0161davimo tvarka. Nat\u016bral\u0173 mineralin\u012f vanden\u012f pripa\u017e\u012fsta Valstybin\u0117 visuomen\u0117s sveikatos prie\u017ei\u016bros tarnyba prie Sveikatos apsaugos ministerijos. Pakeitimais siekiama patikslinti nat\u016bralaus mineralinio vandens pripa\u017einimo Lietuvoje tvark\u0105. <\/p>\n<p>Kaip sak\u0117 Valstybin\u0117s visuomen\u0117s sveikatos prie\u017ei\u016bros tarnybos skyriaus ved\u0117jos pavaduotoja Ilona Dulyt\u0117, \u012fsakymo \u201eD\u0117l Nat\u016bralaus mineralinio vandens oficialiojo pripa\u017einimo Lietuvos Respublikoje nuostat\u0173 patvirtinimo\u201c bei higienos normos \u201eNat\u016bralaus mineralinio vandens ir \u0161altinio vandens naudojimo ir pateikimo \u012f rink\u0105 reikalavimai\u201c pakeitimuose daug d\u0117mesio skirta tam, kad vandens pripa\u017einimo mineraliniu proced\u016bra b\u016bt\u0173 ai\u0161ki, paprasta ir skaidri. Pavyzd\u017eiui, vienai i\u0161 esmini\u0173 nat\u016bralaus mineralinio vandens savybi\u0173 &#8211; vandens sud\u0117ties stabilumui &#8211; pagr\u012fsti iki \u0161iol reik\u0117davo per dvejus metus vien\u0105 kart\u0105 per m\u0117nes\u012f atlikti po\u017eeminio vandens tyrimus ir tik po to, jeigu neatsiranda vandens sud\u0117ties poky\u010di\u0173, verslininkai gal\u0117jo siekti, kad nat\u016bralus mineralinis vanduo b\u016bt\u0173 \u012fteisintas. <br \/>\nDabar, Lietuvos geologijos tarnybos si\u016blymu, nat\u016bralaus mineralinio vandens oficialiojo pripa\u017einimo Lietuvos Respublikoje nuostat\u0173 pakeitime nustatyta, kad po\u017eeminio vandens tyrim\u0173 trukm\u0117 ir apimtis priklauso nuo konkre\u010di\u0173 po\u017eeminio vandens formavimosi s\u0105lyg\u0173. Tais atvejais, kai nat\u016braliu mineraliniu vandeniu siekiama pripa\u017einti po\u017eemin\u012f vanden\u012f i\u0161 gerai apsaugot\u0173 po\u017eeminio vandens telkini\u0173, tyrim\u0173 trukm\u0117 dabar gali sutrump\u0117ti iki vieno m\u0117nesio. Jei po\u017eeminio vandens telkinys yra hidroinjekcinis ir hidrochemi\u0161kai nevienalytis, tyrimai u\u017etruks ne trumpiau kaip 3 m\u0117nesius. <br \/>\n\u201eTais atvejais, kai siekiama pripa\u017einti nat\u016braliu mineraliniu vandeniu po\u017eemin\u012f vanden\u012f i\u0161 neapsaugoto po\u017eeminio vandens telkinio, tok\u012f vanden\u012f steb\u0117jus kas m\u0117nes\u012f dvejus metus ir \u012frod\u017eius, kad vandens sud\u0117tis i\u0161lieka pastovi, neveikiama sezonini\u0173 svyravim\u0173 ir, be abejo, nenustatyta antropogenin\u0117s tar\u0161os po\u017eymi\u0173, jis gal\u0117t\u0173 b\u016bti pripa\u017eintas nat\u016braliu mineraliniu vandeniu\u201c, &#8211; sako Valstybin\u0117s visuomen\u0117s sveikatos prie\u017ei\u016bros tarnybos Leidim\u0173 ir licencijavimo skyriaus ved\u0117jos pavaduotoja Ilona Drulyt\u0117. <br \/>\nDokumentuose numatyta, kad u\u017e nat\u016bralaus mineralinio vandens pripa\u017einimo protokolo i\u0161davim\u0105 bus imama valstyb\u0117s rinkliava. Iki \u0161iol parei\u0161k\u0117jai u\u017e atlikt\u0105 darb\u0105 ekspertiz\u0119 atlikusiai \u012fstaigai \u2013 Respublikiniam mitybos centrui \u2013 apmok\u0117davo pagal sutart\u012f. <br \/>\nPripa\u017einto nat\u016bralaus mineralinio vandens s\u0105ra\u0161as skelbiamas \u201eValstyb\u0117s \u017eini\u0173\u201c priede \u201eInformaciniai prane\u0161imai\u201c ir Europos S\u0105jungos oficialiajame leidinyje. J\u012f galima surasti ir Valstybin\u0117s visuomen\u0117s sveikatos prie\u017ei\u016bros tarnybos prie Sveikatos apsaugos ministerijos interneto svetain\u0117je www.vvspt.lt <\/p>\n<p>\u010ceslovas I\u0161kauskas, vyr. specialistas ry\u0161iams su visuomene, <br \/>\nceslovas@vvspt.lt , tel. (8 5) 277 8036. <\/p>\n<p><\/p>\n","protected":false},"excerpt":{"rendered":"<p>Nuo rugs\u0117jo 1 dienos nat\u016bralaus mineralinio vandens pripa\u017einimo Lietuvoje tvarka bus paprastesn\u0117. Sveikatos apsaugos ministro \u012fsakymu vandens pripa\u017einimo nat\u016braliu mineraliniu proced\u016bra maksimaliai sutrumpinta, nustatyta nat\u016bralaus mineralinio vandens pripa\u017einimo Lietuvos Respublikoje protokolo patikslinimo, dublikato i\u0161davimo tvarka. Nat\u016bral\u0173 mineralin\u012f vanden\u012f pripa\u017e\u012fsta Valstybin\u0117 visuomen\u0117s sveikatos prie\u017ei\u016bros tarnyba prie Sveikatos apsaugos ministerijos. Pakeitimais siekiama patikslinti nat\u016bralaus mineralinio vandens pripa\u017einimo Lietuvoje tvark\u0105.<\/p>\n","protected":false},"author":1,"featured_media":0,"comment_status":"open","ping_status":"closed","sticky":false,"template":"","format":"standard","meta":{"_acf_changed":false,"footnotes":""},"categories":[],"tags":[308,298,393],"site":[],"post_item_type":[27344],"class_list":["post-14005","post","type-post","status-publish","format-standard","hentry","tag-mineraliniu-vandeniu","tag-naturalaus","tag-prieziuros-tarnybos"],"acf":{"post_sites":false},"aioseo_notices":[],"_links":{"self":[{"href":"https:\/\/www.pasveik.lt\/lt\/wp-json\/wp\/v2\/posts\/14005","targetHints":{"allow":["GET"]}}],"collection":[{"href":"https:\/\/www.pasveik.lt\/lt\/wp-json\/wp\/v2\/posts"}],"about":[{"href":"https:\/\/www.pasveik.lt\/lt\/wp-json\/wp\/v2\/types\/post"}],"author":[{"embeddable":true,"href":"https:\/\/www.pasveik.lt\/lt\/wp-json\/wp\/v2\/users\/1"}],"replies":[{"embeddable":true,"href":"https:\/\/www.pasveik.lt\/lt\/wp-json\/wp\/v2\/comments?post=14005"}],"version-history":[{"count":0,"href":"https:\/\/www.pasveik.lt\/lt\/wp-json\/wp\/v2\/posts\/14005\/revisions"}],"wp:attachment":[{"href":"https:\/\/www.pasveik.lt\/lt\/wp-json\/wp\/v2\/media?parent=14005"}],"wp:term":[{"taxonomy":"category","embeddable":true,"href":"https:\/\/www.pasveik.lt\/lt\/wp-json\/wp\/v2\/categories?post=14005"},{"taxonomy":"post_tag","embeddable":true,"href":"https:\/\/www.pasveik.lt\/lt\/wp-json\/wp\/v2\/tags?post=14005"},{"taxonomy":"site","embeddable":true,"href":"https:\/\/www.pasveik.lt\/lt\/wp-json\/wp\/v2\/site?post=14005"},{"taxonomy":"post_item_type","embeddable":true,"href":"https:\/\/www.pasveik.lt\/lt\/wp-json\/wp\/v2\/post_item_type?post=14005"}],"curies":[{"name":"wp","href":"https:\/\/api.w.org\/{rel}","templated":true}]}}