{"id":14033,"date":"2007-07-11T18:00:00","date_gmt":"2007-07-11T18:00:00","guid":{"rendered":""},"modified":"2007-07-11T18:00:00","modified_gmt":"2007-07-11T18:00:00","slug":"zengtas-pirmas-zingsnis-link-integruotos-sveikatos-prieziuros","status":"publish","type":"post","link":"https:\/\/www.pasveik.lt\/lt\/sveikatos-ir-medicinos-naujienos\/zengtas-pirmas-zingsnis-link-integruotos-sveikatos-prieziuros\/14033\/","title":{"rendered":"\u017dengtas pirmas \u017eingsnis link integruotos sveikatos prie\u017ei\u016bros"},"content":{"rendered":"<p>Sveikatos apsaugos ministras Rimvydas Tur\u010dinskas bei Socialin\u0117s apsaugos ir darbo ministr\u0117 Vilija Blinkevi\u010di\u016bt\u0117 patvirtino nauj\u0105 Slaugos ir socialini\u0173 paslaug\u0173 bendro teikimo tvarkos apra\u0161\u0105. \u0160iuo projektu siekiama pagerinti slaugos ir socialini\u0173 paslaug\u0173 koordinavim\u0105 savivaldyb\u0117se, gerinti skirting\u0173 institucij\u0173, teikian\u010di\u0173 slaugos ar socialin\u0117s globos paslaugas asmeniui, bendradarbiavim\u0105. Patvirtinus nauj\u0105 tvark\u0105 pacientas nuolat gaus kompleksin\u0119 slaugos ir socialini\u0173 paslaug\u0173 specialist\u0173 pagalb\u0105 ir prie\u017ei\u016br\u0105 ar\u010diau jo gyvenamosios vietos. Tai pirmasis \u017eingsnis link integruotos sveikatos prie\u017ei\u016bros. <\/p>\n<p>\u201eSlaugos ir socialini\u0173 paslaug\u0173 teikimo tikslas &#8211; sudaryti palankias s\u0105lygas \u017emogui kuo ilgiau savaranki\u0161kai ir pilnaverti\u0161kai gyventi bendruomen\u0117je, namuose. Nauja tvarka leis teikti socialines ir slaugos paslaugas ten, kur \u017emogus gyvena, apsaugoti pacientus nuo lig\u0173 pa\u016bm\u0117jim\u0173 ar progresavimo. Kartu tai pagerins slaugos ir socialini\u0173 paslaug\u0173 prieinamum\u0105\u201c, &#8211; sako sveikatos apsaugos ministras Rimvydas Tur\u010dinskas. <\/p>\n<p>Ilgalaik\u0119 prie\u017ei\u016br\u0105, kuri\u0105 teiks slaugos ir socialini\u0173 paslaug\u0173 tiek\u0117jai, sudaro i\u0161 asmens, kurio liga ar sveikatos b\u016bkl\u0117 da\u017enai pa\u016bm\u0117ja ir pa\u016bm\u0117jimo metu kelia pavoj\u0173 jo paties ar aplinkini\u0173 sveikatai arba gyvybei, slaugos ir socialini\u0173 paslaug\u0173 poreiki\u0173 nustatymo, teikimo, vertinimo ir paramos. Ta pati komanda teiks paslaugas ne tik pacientams, bet ir jo \u0161eimos nariams, pvz., mokys pagrindini\u0173 slaugos \u012fg\u016bd\u017ei\u0173, konsultuos d\u0117l kit\u0173 slaugos ir socialini\u0173 paslaug\u0173. <\/p>\n<p>Min\u0117t\u0105sias paslaugas gaus vaikai bei suaugusieji su negalia, senyvo am\u017eiaus \u017emon\u0117s, asmenys, kuriems b\u016btinos paliatyviosios pagalbos paslaugos bei asmenys, kuri\u0173 susirgimai yra l\u0117tiniai ir t\u0119siasi vis\u0105 gyvenim\u0105. \u012e \u0161i\u0173 paslaug\u0173 teikim\u0105 \u012ftraukiama ir ligonio \u0161eima, artimiausi \u017emon\u0117s. Rengiant ilgalaik\u0117s prie\u017ei\u016bros plan\u0105 bus atsi\u017evelgiama \u012f \u0161eimos finansin\u0119 situacij\u0105, su paciento \u0161eimos nariais aptariamos aktualios ir galimos problemos bei slaugos poreikiai. Socialiniai darbuotojai teiks ir organizuos socialines paslaugas, tarpininkaus, patars, pagal galimybes atstovaus asmens interesams. <\/p>\n<p>U\u017e specialist\u0173 komand\u0173 sudarym\u0105 bus atsakingos savivaldyb\u0117s <\/p>\n<p>U\u017e ilgalaik\u0117s prie\u017ei\u016bros paslaug\u0173 organizavim\u0105, specialist\u0173 komandos sudarym\u0105 bus atsakingos savivaldyb\u0117s. Jos rengs ir patvirtins bendradarbiavimo tarp \u012fstaig\u0173, \u012fmoni\u0173 ir organizacij\u0173 sutar\u010di\u0173 sudarymo ir \u0161i\u0173 paslaug\u0173 teikimo tvarkos apra\u0161\u0105. Paslaugas teiks komanda, kuri\u0105 sudarys bendruomen\u0117s slaugytojas ir (ar) psichikos sveikatos slaugytojas, socialinis darbuotojas, j\u0173 pad\u0117j\u0117jai. <\/p>\n<p>Slaugytojai ir socialiniai darbuotojai dalinsis informacija apie paciento slaugos ir socialinius poreikius, funkcij\u0173 ir atsakomyb\u0117s pasidalinim\u0105, atsi\u017evelgiant \u012f paciento poreikius, bus sudarytas bendras ilgalaik\u0117s prie\u017ei\u016bros planas konkre\u010diam asmeniui. Savivaldyb\u0117 pri\u017ei\u016br\u0117s tokio plano \u012fgyvendinim\u0105. <\/p>\n<p>Naujosios tvarkos projektas buvo derinamas su Lietuvos slaugos specialist\u0173 organizacija, Lietuvos savivaldybi\u0173 asociacija ir Socialin\u0117s apsaugos ir darbo ministerija, \u012f pateiktas pastabas maksimaliai atsi\u017evelgta. 2007 m. bir\u017eelio 12 d. apra\u0161o projektas pristatytas Lietuvos apskri\u010di\u0173 ir savivaldybi\u0173 gydytoj\u0173 susitikime, vykusiame Sveikatos apsaugos ministerijoje. <\/p>\n<p>\nDaugiau informacijos teirautis: <br \/>\nVaiva \u017dostautait\u0117, Ry\u0161i\u0173 su visuomene skyrius, Sveikatos apsaugos ministerija, tel. (5) 266 14 08, e. pastas: vaiva.zostautaite@sam.lt<\/p>\n","protected":false},"excerpt":{"rendered":"<p>Sveikatos apsaugos ministras Rimvydas Tur\u010dinskas bei Socialin\u0117s apsaugos ir darbo ministr\u0117 Vilija Blinkevi\u010di\u016bt\u0117 patvirtino nauj\u0105 Slaugos ir socialini\u0173 paslaug\u0173 bendro teikimo tvarkos apra\u0161\u0105. \u0160iuo projektu siekiama pagerinti slaugos ir socialini\u0173 paslaug\u0173 koordinavim\u0105 savivaldyb\u0117se, gerinti skirting\u0173 institucij\u0173, teikian\u010di\u0173 slaugos ar socialin\u0117s globos paslaugas asmeniui, bendradarbiavim\u0105. Patvirtinus nauj\u0105 tvark\u0105 pacientas nuolat gaus kompleksin\u0119 slaugos ir socialini\u0173 paslaug\u0173 specialist\u0173 pagalb\u0105 ir prie\u017ei\u016br\u0105 ar\u010diau jo gyvenamosios vietos. Tai pirmasis \u017eingsnis link integruotos sveikatos prie\u017ei\u016bros. <\/p>\n","protected":false},"author":1,"featured_media":0,"comment_status":"open","ping_status":"closed","sticky":false,"template":"","format":"standard","meta":{"_acf_changed":false,"footnotes":""},"categories":[],"tags":[354,353,356,355],"site":[],"post_item_type":[27344],"class_list":["post-14033","post","type-post","status-publish","format-standard","hentry","tag-darbuotojai","tag-komanda","tag-projektas","tag-slaugytojas"],"acf":{"post_sites":false},"aioseo_notices":[],"_links":{"self":[{"href":"https:\/\/www.pasveik.lt\/lt\/wp-json\/wp\/v2\/posts\/14033","targetHints":{"allow":["GET"]}}],"collection":[{"href":"https:\/\/www.pasveik.lt\/lt\/wp-json\/wp\/v2\/posts"}],"about":[{"href":"https:\/\/www.pasveik.lt\/lt\/wp-json\/wp\/v2\/types\/post"}],"author":[{"embeddable":true,"href":"https:\/\/www.pasveik.lt\/lt\/wp-json\/wp\/v2\/users\/1"}],"replies":[{"embeddable":true,"href":"https:\/\/www.pasveik.lt\/lt\/wp-json\/wp\/v2\/comments?post=14033"}],"version-history":[{"count":0,"href":"https:\/\/www.pasveik.lt\/lt\/wp-json\/wp\/v2\/posts\/14033\/revisions"}],"wp:attachment":[{"href":"https:\/\/www.pasveik.lt\/lt\/wp-json\/wp\/v2\/media?parent=14033"}],"wp:term":[{"taxonomy":"category","embeddable":true,"href":"https:\/\/www.pasveik.lt\/lt\/wp-json\/wp\/v2\/categories?post=14033"},{"taxonomy":"post_tag","embeddable":true,"href":"https:\/\/www.pasveik.lt\/lt\/wp-json\/wp\/v2\/tags?post=14033"},{"taxonomy":"site","embeddable":true,"href":"https:\/\/www.pasveik.lt\/lt\/wp-json\/wp\/v2\/site?post=14033"},{"taxonomy":"post_item_type","embeddable":true,"href":"https:\/\/www.pasveik.lt\/lt\/wp-json\/wp\/v2\/post_item_type?post=14033"}],"curies":[{"name":"wp","href":"https:\/\/api.w.org\/{rel}","templated":true}]}}