{"id":1428,"date":"2011-06-28T01:00:00","date_gmt":"2011-06-28T01:00:00","guid":{"rendered":""},"modified":"2011-06-28T01:00:00","modified_gmt":"2011-06-28T01:00:00","slug":"dekolte-ir-kaklo-odos-prieziura","status":"publish","type":"post","link":"https:\/\/www.pasveik.lt\/lt\/sveikatos-ir-medicinos-naujienos\/dekolte-ir-kaklo-odos-prieziura\/1428\/","title":{"rendered":"Dekolt\u0117 ir kaklo odos prie\u017ei\u016bra"},"content":{"rendered":"<div style=\"text-align:justify\">\n<h2>Dekolt\u0117 ir kaklo odos prie\u017ei\u016bra<\/h2>\n<\/div>\n<div style=\"text-align:justify\"><\/div>\n<p style=\"text-align:justify\">\n    Kai yra kalbama apie odos prie\u017ei\u016bra, da\u017eniausiai abstrak\u010diai minima<br \/>\nvisa k\u016bno oda, \u0161iek tiek labiau akcentuojama veido oda. Ta\u010diau yra dvi<br \/>\nk\u016bno dalys,  kuri\u0173 reik\u0117t\u0173 nepamir\u0161ti ir joms skirti didesn\u012f d\u0117mes\u012f.<br \/>\n\u0160ios dalys \u2013 taip vadinama, dekolt\u0117 ir kaklas.\n<\/p>\n<div style=\"text-align:justify\">\n    \n    <\/div>\n<div style=\"text-align:justify\">\n<p>\n  Mes visuomet stengiam\u0117s r\u016bpintis savo veidu, ta\u010diau kaklas da\u017eniausiai<br \/>\nlieka pamir\u0161tas, o k\u0105 jau kalb\u0117ti apie dekolt\u0117. Visgi kaklu reikia ypa\u010d<br \/>\npasir\u016bpinti. Beje, juk kaklas atskleid\u017eia ir tikr\u0105j\u012f m\u016bs\u0173 am\u017ei\u0173. Turb\u016bt<br \/>\nne kart\u0105 teko pasteb\u0117ti, kad nors moters veidas atrodo nepriekai\u0161tingai,<br \/>\n bet u\u017emetus ak\u012f \u012f kaklo srit\u012f, galima pamatyti nema\u017eai rauk\u0161li\u0173 ir<br \/>\nnelygum\u0173. Visa tai gali labai gadinti bendr\u0105 i\u0161vaizd\u0105. Tod\u0117l skubame su<br \/>\nJumis pasidalinti keliais patarimais, kurie pad\u0117s tinkamai pasir\u016bpinti<br \/>\nkaklu ir dekolt\u0117.<\/p>\n<ul>\n<li>\n    Kakl\u0105 reikia plauti kruop\u0161\u010diai kiekvien\u0105 dien\u0105. Plovimo metu patariama<br \/>\n naudoti ne paprast\u0105 muil\u0105, o specialias, gro\u017eiui skirtas, kosmetines<br \/>\npriemones.<\/li>\n<li>\n    Norint su\u0161velninti kaklo ir dekolt\u0117 srities od\u0105, j\u0105 patariama prausti<br \/>\nsu filtruotu vandeniu. Vanden\u012f galite sumai\u0161yti su keliais citrinos<br \/>\nsul\u010di\u0173 la\u0161ais. Pamatysite, po kurio laiko oda taps itin \u0161velni.<\/li>\n<li>\n    Jei J\u016bs\u0173 kaklo oda yra sausa ir \u0161erpetojanti, tuomet turite j\u0105<br \/>\ntinkamai dr\u0117kinti kosmetiniais kremais.&nbsp; Kitas, nat\u016bralesnis b\u016bdas,<br \/>\npad\u0117siantis sudr\u0117kinti od\u0105 \u2013 i\u0161tepti kakl\u0105 ir dekolt\u0117 pienu. Pienas<br \/>\ntinkamai sudr\u0117kins ir pamaitins od\u0105.<\/li>\n<li>\n    Besiprausdamos po du\u0161u, keiskite vandens sroves \u012f \u0161ilt\u0105, \u0161alt\u0105 ir pan. Kontrastinis du\u0161as pagerins kraujo cirkuliacij\u0105.<\/li>\n<li>\n    Po to, kai reikiamai i\u0161valote kaklo ir dekolt\u0117 sritis, nepamir\u0161kite<br \/>\njas patepti dr\u0117kinamaisiais kremais. Kaip \u017einia, daugelis krem\u0173 \u0161iandien<br \/>\n yra praturtinti \u012fvairiausiais augaliniais ekstraktais, tonizuojan\u010diomis<br \/>\n med\u017eiagomis. Kremas neleid\u017eia odai i\u0161saus\u0117ti, j\u0105 tinkamai pamaitina bei<br \/>\n apsaugo. Jeigu neturite specialaus kremo, skirto kaklui ir dekolt\u0117,<br \/>\ntokiu atveju, kuo puikiausiai tiks kremai, kurie yra sukurti sausai ir<br \/>\njautriai veido odai.<\/li>\n<li>\n    Kadangi dekolt\u0117 ir kaklo oda yra labai jautri, tod\u0117l ir krem\u0105 reik\u0117t\u0173<br \/>\ntepti \u0161velniai, masa\u017euojan\u010diais judesiais. Krem\u0105 rekomenduojama tepti i\u0161<br \/>\n apa\u010dios \u012f vir\u0161\u0173, iki pat smakro.<\/li>\n<\/ul>\n<p>\n  Taigi, bet kuri suknel\u0117 ar palaidin\u0117 su gilesne i\u0161kirpte atrodys<br \/>\npuikiai ant J\u016bs\u0173, jei nepamir\u0161ite tinkamai pasir\u016bpinti savo kaklu ir<br \/>\ndekolt\u0117.Tod\u0117l nepagail\u0117kite \u0161iek tiek laiko ir \u0161i\u0173 k\u016bno dali\u0173<br \/>\nprie\u017ei\u016brai.<\/p>\n<p><\/p>\n<p>\n  <em>Grozioklubas.lt, nuotrauka i\u0161&nbsp;<a href=\"http:\/\/www.dreamstime.com\/ingret_info\" target=\"_blank\">Ira Bachinskaya&nbsp;| Dreamstime.com<\/a><\/em><\/p>\n<\/div>\n<div style=\"text-align:justify\"><\/div>\n","protected":false},"excerpt":{"rendered":"<p>Kai yra kalbama apie odos prie\u017ei\u016bra, da\u017eniausiai abstrak\u010diai minima visa k\u016bno oda, \u0161iek tiek labiau akcentuojama veido oda. Ta\u010diau yra dvi k\u016bno dalys, kuri\u0173 reik\u0117t\u0173 nepamir\u0161ti ir joms skirti didesn\u012f d\u0117mes\u012f. \u0160ios dalys \u2013 taip vadinama, dekolt\u0117 ir kaklas. <\/p>\n","protected":false},"author":1,"featured_media":0,"comment_status":"open","ping_status":"closed","sticky":false,"template":"","format":"standard","meta":{"_acf_changed":false,"footnotes":""},"categories":[27341],"tags":[],"site":[],"post_item_type":[27344],"class_list":["post-1428","post","type-post","status-publish","format-standard","hentry","category-odos-prieziura"],"acf":{"post_sites":false},"aioseo_notices":[],"_links":{"self":[{"href":"https:\/\/www.pasveik.lt\/lt\/wp-json\/wp\/v2\/posts\/1428","targetHints":{"allow":["GET"]}}],"collection":[{"href":"https:\/\/www.pasveik.lt\/lt\/wp-json\/wp\/v2\/posts"}],"about":[{"href":"https:\/\/www.pasveik.lt\/lt\/wp-json\/wp\/v2\/types\/post"}],"author":[{"embeddable":true,"href":"https:\/\/www.pasveik.lt\/lt\/wp-json\/wp\/v2\/users\/1"}],"replies":[{"embeddable":true,"href":"https:\/\/www.pasveik.lt\/lt\/wp-json\/wp\/v2\/comments?post=1428"}],"version-history":[{"count":0,"href":"https:\/\/www.pasveik.lt\/lt\/wp-json\/wp\/v2\/posts\/1428\/revisions"}],"wp:attachment":[{"href":"https:\/\/www.pasveik.lt\/lt\/wp-json\/wp\/v2\/media?parent=1428"}],"wp:term":[{"taxonomy":"category","embeddable":true,"href":"https:\/\/www.pasveik.lt\/lt\/wp-json\/wp\/v2\/categories?post=1428"},{"taxonomy":"post_tag","embeddable":true,"href":"https:\/\/www.pasveik.lt\/lt\/wp-json\/wp\/v2\/tags?post=1428"},{"taxonomy":"site","embeddable":true,"href":"https:\/\/www.pasveik.lt\/lt\/wp-json\/wp\/v2\/site?post=1428"},{"taxonomy":"post_item_type","embeddable":true,"href":"https:\/\/www.pasveik.lt\/lt\/wp-json\/wp\/v2\/post_item_type?post=1428"}],"curies":[{"name":"wp","href":"https:\/\/api.w.org\/{rel}","templated":true}]}}