{"id":1915,"date":"2010-07-24T12:00:00","date_gmt":"2010-07-24T12:00:00","guid":{"rendered":""},"modified":"2010-07-24T12:00:00","modified_gmt":"2010-07-24T12:00:00","slug":"grozio-mitai-kur-tiesa-kur-melas","status":"publish","type":"post","link":"https:\/\/www.pasveik.lt\/lt\/grozio-naujienos\/grozio-mitai-kur-tiesa-kur-melas\/1915\/","title":{"rendered":"Gro\u017eio mitai: kur tiesa, kur melas?"},"content":{"rendered":"<p>&nbsp;Nors kasdien&#279; gro\u017eio rutina tau ir nekelia joki&#371; dvejoni&#371; \u2013<br \/>\npasitikrink, ar nesi patekusi &#303; populiari&#371; gro\u017eio mit&#371; \u017eabangas?<\/p>\n<p><b>Riebios odos papildomai dr&#279;kinti nereikia<\/b><br \/>\nNetiesa. Riebios odos pavir\u0161iuje yra per daug riebal&#371;, ta&#269;iau tai tikrai<br \/>\nnerei\u0161kia, kad jai pakanka ir dr&#279;gm&#279;s. Tod&#279;l dr&#279;kinamasis kremas riebiai, kaip<br \/>\nir kit&#371; tip&#371; odai, b&#363;tinas.<\/p>\n<p><b>Saul&#279; odai kenkia<\/b><br \/>\nIr taip, ir ne. \u0160iek tiek saul&#279;s spinduli&#371; odai daro teigiam&#261; poveik&#303;: ji tampa<br \/>\nlygesn&#279;, skaistesn&#279;. Ta&#269;iau kai saul&#279;s per daug \u2013 oda sensta gerokai spar&#269;iau.<br \/>\nTod&#279;l tikrai ne kiekvien&#261; saul&#279;t&#261; dien&#261; verta tepti od&#261; apsauginiu kremu, ta&#269;iau<br \/>\njei saul&#279;je ketinate pab&#363;ti ilg&#279;liau ar i\u0161siruo\u0161&#279;te &#303; papl&#363;dim&#371; \u2013 apsauga<br \/>\nb&#363;tina.<\/p>\n<p><b>Kuo ma\u017eiau kosmetikos \u2013 tuo geriau odai<\/b><br \/>\nNetiesa. Tyrimai parod&#279;, kad taisyklingai atliktas makia\u017eas neturi jokios &#303;takos<br \/>\nnei pirmalaikiam odos sen&#279;jimui, nei jos lygumui, stangrumui. Svarbi s&#261;lyga \u2013<br \/>\nrinktis tinkamas, od&#261; tausojan&#269;ias kosmetines priemones.<\/p>\n<p><b>Veido masa\u017eas ir pratimai stabdo rauk\u0161li&#371; atsiradim&#261;<\/b><br \/>\nIr taip, ir ne. Veido mank\u0161ta ir masa\u017eas gili&#371;j&#371; rauk\u0161li&#371; tikrai nepanaikins.<br \/>\n\u0160ios priemon&#279;s tik pad&#279;s i\u0161vengti smulkesni&#371; mimikos rauk\u0161leli&#371;, kadangi<br \/>\ni\u0161judins visus veido raumenis ir neleis \u0161ioms rauk\u0161lel&#279;ms gil&#279;ti.<\/p>\n<p><b>Vitaminas A pagreitina &#303;deg&#303;<\/b><br \/>\nNetiesa. Nei vitaminas A, nei jokie kiti maisto papildai &#303;degio proceso<br \/>\nnepaspartina. Ta&#269;iau didelis kiekis karotino, kuris yra viena i\u0161 sudedam&#371;j&#371;<br \/>\nvitamino A dali&#371;, kai kuri&#371; tip&#371; odai suteikia \u0161iek tiek gelsv&#261; atspalv&#303;. Ta&#269;iau<br \/>\nsu &#303;degiu tai neturi nieko bendro.<\/p>\n<p><b>\u017delatina paspartina nag&#371; augim&#261; ir juos sustiprina<\/b><br \/>\nTaip. Su maistu &#303; organizm&#261; patenkanti \u017eelatina i\u0161ties stimuliuoja nag&#371; augim&#261;,<br \/>\njie tampa lygesni, tvirtesni. Kad pajustum&#279;te poveik&#303;, \u017eel&#279; tur&#279;tum lepintis<br \/>\nkasdien bent m&#279;nes&#303;.<\/p>\n<p><b>Makia\u017eo pagrindas trukdo odai kv&#279;puoti<\/b><br \/>\nNetiesa. Sveikai odai makia\u017eo pagrindas tikrai netrukdo, per plon&#261; jo sluoksn&#303;<br \/>\noda kuo puikiausiai kv&#279;puoja. Ta&#269;iau \u0161ioje priemon&#279;je yra riebal&#371;, taigi ilgiau<br \/>\npabuvusi ant veido ji gali u\u017ekim\u0161ti poras \u2013 \u0161tai kod&#279;l prie\u0161 nakt&#303; j&#261; b&#363;tina<br \/>\nnuvalyti.<\/p>\n<p><b>Da\u017enai kerpami plaukai auga grei&#269;iau ir b&#363;na tvirtesni<\/b><br \/>\nNetiesa. Moksliniai tyrimai nepagrind\u017eia \u0161io populiaraus mito. K&#261; tik pakirpti<br \/>\nplaukai tik sudaro &#303;sp&#363;d&#303;, kad yra puresni. Taip atrodo tod&#279;l, kad plauk&#371;<br \/>\ngaliukai \u2013 labiausiai chemini&#371; priemoni&#371;, saul&#279;s ir dr&#279;gm&#279;s nualinta plauk&#371;<br \/>\nvieta. Juos nukirpus kur&#303; laik&#261; plaukai atrodo tvirtesni, sveikesni. Ta&#269;iau<br \/>\nilgainiui plauk&#371; galai ir v&#279;l susilpn&#279;ja. <\/p>\n","protected":false},"excerpt":{"rendered":"<p>&nbsp;Nors kasdien&#279; gro\u017eio rutina tau ir nekelia joki&#371; dvejoni&#371; \u2013<br \/>\npasitikrink, ar nesi patekusi &#303; populiari&#371; gro\u017eio mit&#371; \u017eabangas?<\/p>\n<p>Riebios odos papildomai dr&#279;kinti nereikia<br \/>\nNetiesa. Riebios odos pavir\u0161iuje yra per daug riebal&#371;<\/p>\n","protected":false},"author":1,"featured_media":1916,"comment_status":"open","ping_status":"closed","sticky":false,"template":"","format":"standard","meta":{"_acf_changed":false,"footnotes":""},"categories":[27315],"tags":[],"site":[],"post_item_type":[28489],"class_list":["post-1915","post","type-post","status-publish","format-standard","has-post-thumbnail","hentry","category-grozis-ir-sveikata"],"acf":{"post_sites":false},"aioseo_notices":[],"_links":{"self":[{"href":"https:\/\/www.pasveik.lt\/lt\/wp-json\/wp\/v2\/posts\/1915","targetHints":{"allow":["GET"]}}],"collection":[{"href":"https:\/\/www.pasveik.lt\/lt\/wp-json\/wp\/v2\/posts"}],"about":[{"href":"https:\/\/www.pasveik.lt\/lt\/wp-json\/wp\/v2\/types\/post"}],"author":[{"embeddable":true,"href":"https:\/\/www.pasveik.lt\/lt\/wp-json\/wp\/v2\/users\/1"}],"replies":[{"embeddable":true,"href":"https:\/\/www.pasveik.lt\/lt\/wp-json\/wp\/v2\/comments?post=1915"}],"version-history":[{"count":0,"href":"https:\/\/www.pasveik.lt\/lt\/wp-json\/wp\/v2\/posts\/1915\/revisions"}],"wp:featuredmedia":[{"embeddable":true,"href":"https:\/\/www.pasveik.lt\/lt\/wp-json\/wp\/v2\/media\/1916"}],"wp:attachment":[{"href":"https:\/\/www.pasveik.lt\/lt\/wp-json\/wp\/v2\/media?parent=1915"}],"wp:term":[{"taxonomy":"category","embeddable":true,"href":"https:\/\/www.pasveik.lt\/lt\/wp-json\/wp\/v2\/categories?post=1915"},{"taxonomy":"post_tag","embeddable":true,"href":"https:\/\/www.pasveik.lt\/lt\/wp-json\/wp\/v2\/tags?post=1915"},{"taxonomy":"site","embeddable":true,"href":"https:\/\/www.pasveik.lt\/lt\/wp-json\/wp\/v2\/site?post=1915"},{"taxonomy":"post_item_type","embeddable":true,"href":"https:\/\/www.pasveik.lt\/lt\/wp-json\/wp\/v2\/post_item_type?post=1915"}],"curies":[{"name":"wp","href":"https:\/\/api.w.org\/{rel}","templated":true}]}}