{"id":2070,"date":"2015-05-05T01:00:00","date_gmt":"2015-05-05T01:00:00","guid":{"rendered":""},"modified":"2015-05-05T01:00:00","modified_gmt":"2015-05-05T01:00:00","slug":"ausra-kilkuviene-isbande-naujausia-veido-atjauninimo-procedura-video","status":"publish","type":"post","link":"https:\/\/www.pasveik.lt\/lt\/grozio-naujienos\/ausra-kilkuviene-isbande-naujausia-veido-atjauninimo-procedura-video\/2070\/","title":{"rendered":"Au\u0161ra Kilkuvien\u0117 i\u0161band\u0117 naujausi\u0105 veido atjauninimo proced\u016br\u0105 (video)"},"content":{"rendered":"<div>\n<p>\n  <strong>Televizijos laidos \u201eKitoks pokalbis\u201c ved\u0117jai Au\u0161rai Kilkuvienei<br \/>\n naujausiu Lietuvoje dermatologiniu lazeriu buvo atliktas veido odos<br \/>\npatempimas. \u201eMano darbas yra toks, kad visuomet turiu b\u016bti pasiruo\u0161usi<br \/>\neteriui. Filmavimai gali b\u016bti suplanuoti bet kada, tod\u0117l neturiu laiko<br \/>\nilgai reabilitacijai\u201c, \u2013 kalb\u0117jo \u017eymi moteris. Video pa\u017ei\u016br\u0117ti galite <a href=\"https:\/\/www.youtube.com\/watch?v=E48j20D_7OA&amp;feature=youtu.be\" target=\"_blank\">\u010dia<\/a>.<\/strong><\/p>\n<p><strong><\/strong><\/p>\n<\/div>\n<div>\n<p>\n  Vienas pagrindini\u0173 naujausios kartos dermatologinio lazerio Fotona<br \/>\n\u201eDynamis\u201c privalum\u0173 yra fotoatjauninimas \u2013 odos atjauninimas unikalia<br \/>\nsistema, kuomet pavir\u0161inis odos patempimas atliekamas be pj\u016bvi\u0173 ar<br \/>\ninjekcij\u0173.<\/p>\n<p><\/p>\n<p>\n  \u201e\u0160io tipo lazeris yra naujausias ir vienintelis toks Lietuvoje, tad<br \/>\nmano patirtis yra unikali, o poj\u016b\u010diai buvo sumi\u0161\u0119 ir su baime, kad esu<br \/>\npirmoji, kuri i\u0161band\u0117 \u0161i\u0105 proced\u016br\u0105, ir su noru su\u017einoti, kas bus<br \/>\ntoliau. Proced\u016bros metu jau\u010diau masa\u017e\u0105, dilg\u010diojim\u0105, durs\u010diojim\u0105 \u2013<br \/>\nviskas persipina tarpusavyje ir atrodo, kad smegenys neatskiria kas yra<br \/>\nkas\u201c, \u2013 potyrius pasakojo televizijos \u017evaig\u017ed\u0117.<\/p>\n<p>\n  Vadinamojo <em>\u017evaig\u017ed\u017ei\u0173<\/em> pilingo proced\u016bra trunka apie dvide\u0161imt<br \/>\nminu\u010di\u0173, o rezultatai i\u0161lieka iki pusme\u010dio. Klinikos \u201eGro\u017eio chirurgija\u201c<br \/>\n gydytoja dermatolog\u0117 Natalija Jasaitien\u0117 sako, kad lazeriu galima<br \/>\ngydyti \u012fvairias odos problemas: \u0161alinti gerybinius darinius, kapiliarus<br \/>\nveide ir kojose, kovoti su plaukuotumu, akne ir jos paliktais randais,<br \/>\nnaikinti strijas ir randus.<\/p>\n<p><\/p>\n<p>\n  \u201eLazeris yra labai protingas \u2013 juo galima ne tik panaikinti estetines<br \/>\nproblemas, bet ir gydyti tai, kas \u017emogui kelia psichologin\u012f diskomfort\u0105.<br \/>\n Pasaulyje jis atsirado tik \u0161i\u0173 met\u0173 prad\u017eioje, o Lietuvoje toks yra<br \/>\nvienintelis\u201c, \u2013 sak\u0117 N. Jasaitien\u0117. Gydytoja viliasi, kad unikalios<br \/>\nlazerio savyb\u0117s paskatins \u017emones susim\u0105styti, kad odos problemas jau<br \/>\ngalima i\u0161spr\u0119sti daug lengviau nei kada nors anks\u010diau.<\/p>\n<\/div>\n","protected":false},"excerpt":{"rendered":"<p>Televizijos laidos \u201eKitoks pokalbis\u201c ved\u0117jai Au\u0161rai Kilkuvienei naujausiu Lietuvoje dermatologiniu lazeriu buvo atliktas veido odos patempimas. \u201eMano darbas yra toks, kad visuomet turiu b\u016bti pasiruo\u0161usi eteriui. Filmavimai gali b\u016bti suplanuoti bet kada, tod\u0117l neturiu laiko ilgai reabilitacijai\u201c, \u2013 kalb\u0117jo \u017eymi moteris. Video pa\u017ei\u016br\u0117ti galite \u010dia.<\/p>\n","protected":false},"author":1,"featured_media":2071,"comment_status":"open","ping_status":"closed","sticky":false,"template":"","format":"standard","meta":{"_acf_changed":false,"footnotes":""},"categories":[27315],"tags":[],"site":[],"post_item_type":[28489],"class_list":["post-2070","post","type-post","status-publish","format-standard","has-post-thumbnail","hentry","category-grozis-ir-sveikata"],"acf":{"post_sites":false},"aioseo_notices":[],"_links":{"self":[{"href":"https:\/\/www.pasveik.lt\/lt\/wp-json\/wp\/v2\/posts\/2070","targetHints":{"allow":["GET"]}}],"collection":[{"href":"https:\/\/www.pasveik.lt\/lt\/wp-json\/wp\/v2\/posts"}],"about":[{"href":"https:\/\/www.pasveik.lt\/lt\/wp-json\/wp\/v2\/types\/post"}],"author":[{"embeddable":true,"href":"https:\/\/www.pasveik.lt\/lt\/wp-json\/wp\/v2\/users\/1"}],"replies":[{"embeddable":true,"href":"https:\/\/www.pasveik.lt\/lt\/wp-json\/wp\/v2\/comments?post=2070"}],"version-history":[{"count":0,"href":"https:\/\/www.pasveik.lt\/lt\/wp-json\/wp\/v2\/posts\/2070\/revisions"}],"wp:featuredmedia":[{"embeddable":true,"href":"https:\/\/www.pasveik.lt\/lt\/wp-json\/wp\/v2\/media\/2071"}],"wp:attachment":[{"href":"https:\/\/www.pasveik.lt\/lt\/wp-json\/wp\/v2\/media?parent=2070"}],"wp:term":[{"taxonomy":"category","embeddable":true,"href":"https:\/\/www.pasveik.lt\/lt\/wp-json\/wp\/v2\/categories?post=2070"},{"taxonomy":"post_tag","embeddable":true,"href":"https:\/\/www.pasveik.lt\/lt\/wp-json\/wp\/v2\/tags?post=2070"},{"taxonomy":"site","embeddable":true,"href":"https:\/\/www.pasveik.lt\/lt\/wp-json\/wp\/v2\/site?post=2070"},{"taxonomy":"post_item_type","embeddable":true,"href":"https:\/\/www.pasveik.lt\/lt\/wp-json\/wp\/v2\/post_item_type?post=2070"}],"curies":[{"name":"wp","href":"https:\/\/api.w.org\/{rel}","templated":true}]}}