{"id":6463,"date":"2016-08-19T15:20:37","date_gmt":"2016-08-19T15:20:37","guid":{"rendered":""},"modified":"2016-08-19T15:20:37","modified_gmt":"2016-08-19T15:20:37","slug":"dermatovenerologijos-naujienos-2016-vainikavo-lietuvos-dermatovenorologu-darbas","status":"publish","type":"post","link":"https:\/\/www.pasveik.lt\/lt\/rekomenduojamos-naujienos\/dermatovenerologijos-naujienos-2016-vainikavo-lietuvos-dermatovenorologu-darbas\/6463\/","title":{"rendered":"\u201eDermatovenerologijos naujienos 2016\u201c vainikavo Lietuvos dermatovenorolog\u0173 darbas"},"content":{"rendered":"<p style=\"text-align: justify;\">Bir\u017eelio 10\u201311 dienomis i\u0161kilmingoje aplinkoje \u2013 Klaip\u0117dos dramos teatre vykusi tarptautin\u0117 konferencija \u201eDermatovenerologijos naujienos 2016\u201c tarsi vainikavo Lietuvos dermatovenerolog\u0173 draugijos veiklos met\u0173 darbus&#8230; Porai dien\u0173 draug\u0117n susib\u016br\u0119 ne tik Lietuvos dermatovenerologai, bet ir specialistai i\u0161 vis\u0173 trij\u0173 Baltijos \u0161ali\u0173, aptar\u0117 odos lig\u0173 problematik\u0105. Renginyje buvo pristatytos naujausios \u017einios dermatologijos, venerologijos ir estetin\u0117s dermatologijos srityse, aptarti nauji vaistai ir gydymo galimyb\u0117s. \u0160io metinio renginio pirmoji diena buvo skirta mokslinei programai lietuvi\u0173 kalba, antrosios dienos prane\u0161imai buvo skaitomi angl\u0173 kalba.<\/p>\n<p style=\"text-align: justify;\">Anot \u0161ios konferencijos iniciator\u0117s ir pagrindin\u0117s organizator\u0117s Lietuvos dermatovenerolog\u0173 draugijos prezident\u0117s, VUL SK Dermatovenerologijos centro vadov\u0117s prof. dr. Matildos Bylait\u0117s-Bu\u010dinskien\u0117s, konferencija ypatinga tuo, jog joje daugiausia d\u0117mesio buvo skirta svarbiausiems dermatolog\u0173 kasdienio darbo klausimams bei met\u0173 naujienoms, kurias, remdamiesi naujausia literat\u016bra bei publikacijomis, savo prane\u0161imuose pristat\u0117 lektoriai. Anot profesor\u0117s, dermatovenerolog\u0173 kasdienio darbo pagrindas \u2013 moksliniai tyrimai ir patirtis, tod\u0117l, suprantama, praktine prasme ir buvo stengiamasi visa tai pateikti dalyviams, patarti, kaip \u0161ias naujausias \u017einias pritaikyti kasdien\u0117je praktikoje, diagnozuoti, diferencijuoti odos ligas bei parinkti geriausi\u0105 gydymo metodik\u0105. Dabar, taikant individual\u0173 gydym\u0105, standartinio gydymo jau nepakanka, nes kiekvienas pacientas yra skirtingas, taigi ir jo ligos simptomai taip pat gali skirtis.<\/p>\n<p style=\"text-align: justify;\"><b>Renginyje \u2013 \u017eym\u016bs pasaulinio lygio lektoriai<\/b><\/p>\n<p style=\"text-align: justify;\">Konferencijoje buvo siekiama atkreipti d\u0117mes\u012f b\u016btent \u012f tai, kad gydytojas turi skirti maksimaliai individuali\u0105 gydymo schem\u0105, \u012fvertin\u0119s ne tik paciento skundus, simptomus, ligos form\u0105, bet ir jo gyvensen\u0105, savijaut\u0105 ir pan. Be Lietuvos dermatolog\u0173 ir gydytoj\u0173, \u0161ioje konferencijoje prane\u0161imus skait\u0117 ir vaik\u0173 bei plastikos chirurgai. Tradici\u0161kai renginyje dalyvavo \u017eym\u016bs pasaulinio lygio kviestiniai lektoriai: Europos dermatologijos ir venerologijos akademijos prezidentas prof. dr. Erwin Tschachler (Viena, Austrija), Europos dermatoonkologijos prezidentas prof. dr. Claus Garbe (Tiubingenas, Vokietija), prof. Johannes Ring (Miunchenas, Vokietija) bei lektoriai i\u0161 vis\u0173 Baltijos \u0161ali\u0173. \u0160ioje tarptautin\u0117je konferencijoje ne tik buvo aptariamos vaik\u0173 ligos bei da\u017eniausiai pasitaikan\u010dios \u012fvairios veido odos problemos, bet ir regionin\u0117s dermatologijos aktualijos.<\/p>\n<p style=\"text-align: justify;\">Tam tikras d\u0117mesys buvo skirtas ir onkologijai \u2013 atskirose sesijose jaunieji derprane\u0161im\u0105 matologai pristat\u0117 klinikinius atvejus. Taip pat buvo kalbama apie palyginti nauj\u0105, visame pasaulyje aktualizuojam\u0105 labai sud\u0117ting\u0105 lig\u0105, kurios i\u0161vengti ypa\u010d sunku ir kuri gydoma antibiotikais bei chirurgin\u0117mis intervencijomis. \u017dinoma, tam tikras d\u0117mesys bus skirtas ir biologinei terapijai.<\/p>\n<p style=\"text-align: justify;\"><b>Prane\u0161imai \u2013 \u012fdom\u016bs ir naudingi<\/b><\/p>\n<p style=\"text-align: justify;\">Trumpai ap\u017evelgiant lektori\u0173 (daugiausia \u2013 VUL SK Dermatovenerologijos centro atstov\u0173) skaitytus prane\u0161imus, norisi pamin\u0117ti bent kelet\u0105 j\u0173, labiausiai sudominusi\u0173 klausytojus. Gydytoja J. Grigaitien\u0117 ap\u017evelg\u0117 n\u0117\u0161\u010di\u0173j\u0173 dermatozi\u0173 \u2013 odos lig\u0173, kurios pasirei\u0161kia gestaciniu periodu ar i\u0161kart po gimdymo<\/p>\n<p style=\"text-align: justify;\">bei gali sutrikdyti n\u0117\u0161\u010di\u0173j\u0173 ir naujagimi\u0173 sveikatos b\u016bkl\u0119, diagnostik\u0105 bei gydymo galimybes. Prane\u0161\u0117ja taip pat dalijosi mintimis apie hiperhidroz\u0117s gydymo Lietuvoje galimybes. Gydytoja N. Jaru\u0161ina pla\u010diau supa\u017eindino su veido ir galvos plaukuotosios dalies b\u0117rim\u0173 dermatoskopija \u2013 inovatyviu \u0161iuolaikiniu neinvaziniu odos tyrimo b\u016bdu, kuris tampa vienu pagrindini\u0173 \u012frankiu nustatant \u012fvairius gerybinius ir piktybinius nodos darinius bei ligas. Apie vaik\u0173 ir paaugli\u0173 egzantemas, kurias da\u017eniausiai lydi infekcija, o tarp provokuojan\u010di\u0173 veiksni\u0173 svarbiausi ir da\u017eniausi yra virusai, \u012fdom\u0173 derprane\u0161im\u0105 perskait\u0117 VUL SK Vaik\u0173 ligonin\u0117s gyd. I. \u0160aferien\u0117. Dr. G. S. Lapinskait\u0117s teigimu, burnos gleivin\u0117 yra savita k\u016bno t\u0105sa, prisitaikiusi specializuotai aplinkai ir funkcijai. Gleivin\u0117s epitelis yra biologi\u0161kai silpniausia barjero vieta, tod\u0117l burna da\u017enai pa\u017eeid\u017eiama. Daktar\u0117 savo prane\u0161ime pla\u010diai i\u0161nagrin\u0117jo burnos ertm\u0117s lig\u0173 po\u017eymius ir gydymo galimybes.<\/p>\n<p style=\"text-align: justify;\">Ro\u017ein\u0117 \u2013 l\u0117tinis odos u\u017edegimas, da\u017eniausiai pasirei\u0161kiantis skruost\u0173, kaktos ir smakro odos paraudimu (eritema), \u012fvairiais b\u0117rimais ir smulki\u0173j\u0173 kraujagysli\u0173 i\u0161sipl\u0117timu. Anot prane\u0161\u0117jos I. Kisielien\u0117s, atsi\u017evelgiant \u012f ligos sunkumo laipsn\u012f, b\u0117rimams gydyti gali b\u016bti skiriamas keleriopas gydymas: vietinis (esant lengvai ar vidutinio sunkumo ro\u017einei bei palaikomajam gydymui) ir sisteminis (kai vietinis gydymas neefektyvus ar esant vidutinio sunkumo-sunkiai ligos formai). Beje, ro\u017ein\u0117s sukeltai persistuojan\u010diai eritemai ma\u017einti ilg\u0105 laik\u0105 nebuvo efektyvaus gydymo \u2013 situacija pasikeit\u0117 pasirod\u017eius naujam preparatui \u2013 brimonidino geliui. Lietuvoje jis registruotas 2015 m. ruden\u012f.<\/p>\n<p style=\"text-align: justify;\">Be jau min\u0117t\u0173j\u0173 prane\u0161im\u0173, daug dalyvi\u0173 d\u0117mesio sulauk\u0117 ir kiti puik\u016bs odos lig\u0173 gydymo specialistai, savo srities \u017einovai \u2013 VUL SK Dermatovenerologijos centro gydytojai: prof. dr. M. Bylait\u0117-Bu\u010dinskien\u0117, A. Ramanauskait\u0117, D. Vanagait\u0117, M. Krivickait\u0117, R. Jur\u010diukonyt\u0117, O. Gri\u0161\u010denko, T. Karmazien\u0117, A. \u0160umila, J. Lauraitis, gydytojai i\u0161 kit\u0173 region\u0173 \u2013 D. Jasaitien\u0117, A. Bieliauskien\u0117, A. Petkevi\u010dius bei kiti prane\u0161\u0117jai, tarp kuri\u0173 \u2013 kolegos i\u0161 Latvijos ir Estijos ir jau min\u0117tieji gars\u016bs lektoriai i\u0161 Austrijos ir Vokietijos&#8230; Kaip visada \u2013 atitinkamas d\u0117mesys buvos skirtas \u017evynelinei, \u017dIV, grybeliui ir kitoms ligoms. Greta speciali\u0173 praktini\u0173 seminar\u0173 buvo organizuojama estetikai skirta sesija, kurioje aptartos aktualiausios estetin\u0117s problemos ir j\u0173 sprendimo b\u016bdai, pasitaikan\u010dios komplikacijos ir galimyb\u0117s j\u0173 i\u0161vengti. Renginio organizatoriai \u2013 Vilniaus universiteto ir Lietuvos dermatovenerolog\u0173 draugijos atstovai tikisi, jog apie 200 konferencijos dalyvi\u0173 (ne vien dermatologai, bet ir kit\u0173 sri\u010di\u0173 specialistai, ir net slaugytojai) ne tik gerokai prapl\u0117t\u0117 savo \u017einias, bet ir \u012fdomiai praleido laik\u0105.<\/p>\n<p style=\"text-align: justify;\"><i>Pareng\u0117 <b>R. Pe\u010deli\u016bnien\u0117<\/b><\/i><\/p>\n<p style=\"text-align: justify;\"><i>\u0160altinis: &#8222;Lietuvos gydytojo \u017eurnalas&#8221; Nr7, 2016m.<\/i><\/p>\n<p style=\"text-align: justify;\">\u00a0<\/p>\n","protected":false},"excerpt":{"rendered":"<p>Bir\u017eelio 10\u201311 dienomis i\u0161kilmingoje aplinkoje \u2013 Klaip\u0117dos dramos teatre vykusi tarptautin\u0117 konferencija \u201eDermatovenerologijos naujienos 2016\u201c tarsi vainikavo Lietuvos dermatovenerolog\u0173 draugijos veiklos met\u0173 darbus&#8230; Porai dien\u0173 draug\u0117n susib\u016br\u0119 ne tik Lietuvos dermatovenerologai, bet ir specialistai i\u0161 vis\u0173 trij\u0173 Baltijos \u0161ali\u0173, aptar\u0117 odos lig\u0173 problematik\u0105. Renginyje buvo pristatytos naujausios \u017einios dermatologijos, venerologijos ir estetin\u0117s dermatologijos srityse, aptarti nauji vaistai ir gydymo galimyb\u0117s. \u0160io metinio renginio pirmoji diena buvo skirta mokslinei programai lietuvi\u0173 kalba, antrosios dienos prane\u0161imai buvo skaitomi angl\u0173 kalba.<\/p>\n","protected":false},"author":1,"featured_media":6464,"comment_status":"open","ping_status":"closed","sticky":false,"template":"","format":"standard","meta":{"_acf_changed":false,"footnotes":""},"categories":[27313],"tags":[205,138,10446,132],"site":[],"post_item_type":[28490],"class_list":["post-6463","post","type-post","status-publish","format-standard","has-post-thumbnail","hentry","category-gydymo-naujienos","tag-gydytojai","tag-vaistai","tag-vokietija","tag-ziv"],"acf":{"post_sites":false},"aioseo_notices":[],"_links":{"self":[{"href":"https:\/\/www.pasveik.lt\/lt\/wp-json\/wp\/v2\/posts\/6463","targetHints":{"allow":["GET"]}}],"collection":[{"href":"https:\/\/www.pasveik.lt\/lt\/wp-json\/wp\/v2\/posts"}],"about":[{"href":"https:\/\/www.pasveik.lt\/lt\/wp-json\/wp\/v2\/types\/post"}],"author":[{"embeddable":true,"href":"https:\/\/www.pasveik.lt\/lt\/wp-json\/wp\/v2\/users\/1"}],"replies":[{"embeddable":true,"href":"https:\/\/www.pasveik.lt\/lt\/wp-json\/wp\/v2\/comments?post=6463"}],"version-history":[{"count":0,"href":"https:\/\/www.pasveik.lt\/lt\/wp-json\/wp\/v2\/posts\/6463\/revisions"}],"wp:featuredmedia":[{"embeddable":true,"href":"https:\/\/www.pasveik.lt\/lt\/wp-json\/wp\/v2\/media\/6464"}],"wp:attachment":[{"href":"https:\/\/www.pasveik.lt\/lt\/wp-json\/wp\/v2\/media?parent=6463"}],"wp:term":[{"taxonomy":"category","embeddable":true,"href":"https:\/\/www.pasveik.lt\/lt\/wp-json\/wp\/v2\/categories?post=6463"},{"taxonomy":"post_tag","embeddable":true,"href":"https:\/\/www.pasveik.lt\/lt\/wp-json\/wp\/v2\/tags?post=6463"},{"taxonomy":"site","embeddable":true,"href":"https:\/\/www.pasveik.lt\/lt\/wp-json\/wp\/v2\/site?post=6463"},{"taxonomy":"post_item_type","embeddable":true,"href":"https:\/\/www.pasveik.lt\/lt\/wp-json\/wp\/v2\/post_item_type?post=6463"}],"curies":[{"name":"wp","href":"https:\/\/api.w.org\/{rel}","templated":true}]}}