{"id":7892,"date":"2014-02-07T16:45:37","date_gmt":"2014-02-07T16:45:37","guid":{"rendered":""},"modified":"2014-02-07T16:45:37","modified_gmt":"2014-02-07T16:45:37","slug":"miego-stoka-ar-perteklius-sukelia-depresija","status":"publish","type":"post","link":"https:\/\/www.pasveik.lt\/lt\/medicinos-naujienos-vienu-sakiniu\/miego-stoka-ar-perteklius-sukelia-depresija\/7892\/","title":{"rendered":"Miego stoka ar perteklius sukelia depresij\u0105."},"content":{"rendered":"<p><a href=\"https:\/\/pasveik.lt\/lt\/ligos-ir-sindromai\/miego-sutrikimai\/43835\">Miego sutrikimai<\/a> gali aktyvuoti su <a href=\"https:\/\/pasveik.lt\/lt\/ligos-ir-sindromai\/depresija\/4455\">depresija<\/a> susijusius genus, teigiama naujo yrimo i\u0161vadose. Tyrime dalyvavo 1700 suaugusi\u0173 dvyni\u0173.Tarp t\u0173, kuri\u0173 miego trukm\u0117 buvo normali (nuo 7 iki 9 valand\u0173), geneti\u0161kai determinuota <a href=\"https:\/\/pasveik.lt\/lt\/ligos-ir-sindromai\/depresija\/4455\">depresija<\/a> pasirei\u0161k\u0117 27 proc. asmen\u0173. Palyginimui, asmenims, kurie miegojo penkias valandas nakties metu, genetinis depresijos poveikis pasirei\u0161k\u0117 53 proc., o tarp miegan\u010di\u0173 ilgiau nei 10 valand\u0173 &#8211; 49 proc. Medik <\/p>\n","protected":false},"excerpt":{"rendered":"<p>Miego sutrikimai gali aktyvuoti su depresija susijusius genus, teigiama naujo yrimo i\u0161vadose. Tyrime dalyvavo 1700 suaugusi\u0173 dvyni\u0173.Tarp t\u0173, kuri\u0173 miego trukm\u0117 buvo normali (nuo 7 iki 9 valand\u0173), geneti\u0161kai determinuota depresija pasirei\u0161k\u0117 27 proc. asmen\u0173. Palyginimui, asmenims, kurie miegojo penkias valandas nakties metu, genetinis depresijos poveikis pasirei\u0161k\u0117 53 proc., o tarp miegan\u010di\u0173 ilgiau nei 10 valand\u0173 &#8211; 49 proc. Medik <\/p>\n","protected":false},"author":1,"featured_media":0,"comment_status":"open","ping_status":"closed","sticky":false,"template":"","format":"standard","meta":{"_acf_changed":false,"footnotes":""},"categories":[],"tags":[109,85],"site":[],"post_item_type":[27346],"class_list":["post-7892","post","type-post","status-publish","format-standard","hentry","tag-depresija","tag-miego"],"acf":{"post_sites":false},"aioseo_notices":[],"_links":{"self":[{"href":"https:\/\/www.pasveik.lt\/lt\/wp-json\/wp\/v2\/posts\/7892","targetHints":{"allow":["GET"]}}],"collection":[{"href":"https:\/\/www.pasveik.lt\/lt\/wp-json\/wp\/v2\/posts"}],"about":[{"href":"https:\/\/www.pasveik.lt\/lt\/wp-json\/wp\/v2\/types\/post"}],"author":[{"embeddable":true,"href":"https:\/\/www.pasveik.lt\/lt\/wp-json\/wp\/v2\/users\/1"}],"replies":[{"embeddable":true,"href":"https:\/\/www.pasveik.lt\/lt\/wp-json\/wp\/v2\/comments?post=7892"}],"version-history":[{"count":0,"href":"https:\/\/www.pasveik.lt\/lt\/wp-json\/wp\/v2\/posts\/7892\/revisions"}],"wp:attachment":[{"href":"https:\/\/www.pasveik.lt\/lt\/wp-json\/wp\/v2\/media?parent=7892"}],"wp:term":[{"taxonomy":"category","embeddable":true,"href":"https:\/\/www.pasveik.lt\/lt\/wp-json\/wp\/v2\/categories?post=7892"},{"taxonomy":"post_tag","embeddable":true,"href":"https:\/\/www.pasveik.lt\/lt\/wp-json\/wp\/v2\/tags?post=7892"},{"taxonomy":"site","embeddable":true,"href":"https:\/\/www.pasveik.lt\/lt\/wp-json\/wp\/v2\/site?post=7892"},{"taxonomy":"post_item_type","embeddable":true,"href":"https:\/\/www.pasveik.lt\/lt\/wp-json\/wp\/v2\/post_item_type?post=7892"}],"curies":[{"name":"wp","href":"https:\/\/api.w.org\/{rel}","templated":true}]}}