{"id":9345,"date":"2012-04-06T18:00:00","date_gmt":"2012-04-06T18:00:00","guid":{"rendered":""},"modified":"2012-04-06T18:00:00","modified_gmt":"2012-04-06T18:00:00","slug":"svente-pajusime-budami-ramios-dvasios","status":"publish","type":"post","link":"https:\/\/www.pasveik.lt\/lt\/grozio-naujienos\/svente-pajusime-budami-ramios-dvasios\/9345\/","title":{"rendered":"\u0160vent\u0119 pajusime b\u016bdami ramios dvasios"},"content":{"rendered":"<p style=\"text-align: justify; margin: 0cm 0cm 0pt; mso-layout-grid-align: none\" class=\"MsoNormal\"><i><span style=\"font-family: Arial; font-size: 10pt; mso-ansi-language: LT; mso-fareast-language: LT\">Tai tautodailinink\u0117s <\/span><\/i><b><i><span style=\"font-family: Arial; font-size: 10pt; mso-ansi-language: LT; mso-fareast-language: LT; mso-fareast-font-family: MyriadPro-BoldIt\">Marijos Liugien\u0117s<\/span><\/i><\/b><i><span style=\"font-family: Arial; font-size: 10pt; mso-ansi-language: LT; mso-fareast-language: LT\">, Vilniaus etnin\u0117s kult\u016bros centro vyriausiosios koordinator\u0117s mintys, su kuria kalbam\u0117s apie pasiruo\u0161im\u0105 Velykoms, \u0161ios \u0161vent\u0117s simbolius ir prasm\u0119 anuomet.<\/p>\n<p><\/span><\/i><\/p>\n<p style=\"text-align: justify; margin: 0cm 0cm 0pt\" class=\"MsoNormal\"><i><span style=\"font-family: Arial; font-size: 10pt; mso-ansi-language: LT; mso-fareast-language: LT\"><\/p>\n<p>\u00a0<\/p>\n<p><\/span><\/i><\/p>\n<p style=\"text-align: justify; margin: 0cm 0cm 0pt; mso-layout-grid-align: none\" class=\"MsoNormal\"><b><span style=\"font-family: Arial; font-size: 10pt; mso-ansi-language: LT; mso-fareast-language: LT\">Svarbiausia \u2013 pasiruo\u0161imas \u0161ventei<\/p>\n<p><\/span><\/b><\/p>\n<p style=\"text-align: justify; margin: 0cm 0cm 0pt; mso-layout-grid-align: none\" class=\"MsoNormal\"><i><span style=\"font-family: Arial; font-size: 10pt; mso-ansi-language: LT; mso-fareast-language: LT\"><\/p>\n<p>\u00a0<\/p>\n<p><\/span><\/i><\/p>\n<p style=\"text-align: justify; margin: 0cm 0cm 0pt; mso-layout-grid-align: none\" class=\"MsoNormal\"><i><span style=\"font-family: Arial; font-size: 10pt; mso-ansi-language: LT; mso-fareast-language: LT\">Kaip manote, kokia \u0161ven\u010di\u0173 prasm\u0117 \u0161iandien?<\/p>\n<p><\/span><\/i><\/p>\n<p style=\"text-align: justify; margin: 0cm 0cm 0pt; mso-layout-grid-align: none\" class=\"MsoNormal\"><span style=\"font-family: Arial; font-size: 10pt; mso-ansi-language: LT; mso-fareast-language: LT\">Dabar \u0161vent\u0117s praeina labai greitai, ir jos n\u0117ra efektingos. M\u016bs\u0173 senoliai daugiausia d\u0117mesio skirdavo \u0161vent\u0117s pasiruo\u0161imui. Kalbu apie kalendorines \u0161ventes. Seniau laikas buvo skirstomas \u012f sakral\u0173 ir paprast\u0105 buitin\u012f, sekmadien\u012f, per \u0161ventes b\u016bdavo nevalia dirbti, kad nepaniekintum \u0161vent\u0117s.<\/p>\n<p><\/span><\/p>\n<p style=\"text-align: justify; margin: 0cm 0cm 0pt; mso-layout-grid-align: none\" class=\"MsoNormal\"><i><span style=\"font-family: Arial; font-size: 10pt; mso-ansi-language: LT; mso-fareast-language: LT\"><\/p>\n<p>\u00a0<\/p>\n<p><\/span><\/i><\/p>\n<p style=\"text-align: justify; margin: 0cm 0cm 0pt; mso-layout-grid-align: none\" class=\"MsoNormal\"><i><span style=\"font-family: Arial; font-size: 10pt; mso-ansi-language: LT; mso-fareast-language: LT\">Kaip, J\u016bs\u0173 nuomone, reik\u0117t\u0173 ruo\u0161tis Velykoms?<\/p>\n<p><\/span><\/i><\/p>\n<p style=\"text-align: justify; margin: 0cm 0cm 0pt; mso-layout-grid-align: none\" class=\"MsoNormal\"><span style=\"font-family: Arial; font-size: 10pt; mso-ansi-language: LT; mso-fareast-language: LT\">Kaip ir prie\u0161 visas \u0161ventes, svarbiausia \u2013 susitvarkyti, i\u0161sivalyti.<\/p>\n<p><\/span><\/p>\n<p style=\"text-align: justify; margin: 0cm 0cm 0pt; mso-layout-grid-align: none\" class=\"MsoNormal\"><i><span style=\"font-family: Arial; font-size: 10pt; mso-ansi-language: LT; mso-fareast-language: LT\"><\/p>\n<p>\u00a0<\/p>\n<p><\/span><\/i><\/p>\n<p style=\"text-align: justify; margin: 0cm 0cm 0pt; mso-layout-grid-align: none\" class=\"MsoNormal\"><i><span style=\"font-family: Arial; font-size: 10pt; mso-ansi-language: LT; mso-fareast-language: LT\">K\u0105 turite omeny sakydama \u201ei\u0161sivalyti\u201c?<\/p>\n<p><\/span><\/i><\/p>\n<p style=\"text-align: justify; margin: 0cm 0cm 0pt; mso-layout-grid-align: none\" class=\"MsoNormal\"><span style=\"font-family: Arial; font-size: 10pt; mso-ansi-language: LT; mso-fareast-language: LT\">Pirmiausia k\u016bno, sielos i\u0161sivalymas, aplinkos susitvarkymas. Nors prie\u0161 Velykas taip neakcentuojama, taipogi pageidautina, kaip ir prie\u0161 Kal\u0117das, susitaikyti su aplinkiniais, gr\u0105\u017einti skolas, atsipra\u0161yti. Dvasia turi b\u016bti laisva, rami, vidinio susitaikymo b\u016bsenos, lyg tai pradedant nauj\u0105 gyvenim\u0105, tarsi su ta sugr\u012f\u017eusia saule mes gimstame i\u0161 naujo.<\/p>\n<p><\/span><\/p>\n<p style=\"text-align: justify; margin: 0cm 0cm 0pt; mso-layout-grid-align: none\" class=\"MsoNormal\"><span style=\"font-family: Arial; font-size: 10pt; mso-ansi-language: LT; mso-fareast-language: LT\">Pa\u017eadin\u0119 savyje ramyb\u0117s ir meil\u0117s jausmus, suprasime, kad sielos gilumoje mes visk\u0105 \u017einome, ir tai, kokie mes turime b\u016bti. Tik \u017emogus dabar labai gudrus, jis tarsi pirm\u0105 kart\u0105 girdi, kai kunigas pasako: \u201eSusitaikykite, atsipra\u0161ykite\u201c. Turime pasiruo\u0161ti t\u0173 \u201eind\u0173\u201c dvasin\u0117ms dovanoms, tas laikas iki Velyk\u0173 tam ir skirtas. Mes i\u0161sisukin\u0117jame nuo to, kas mums nemalonu, o i\u0161 tikr\u0173j\u0173, kad \u0161vent\u0117 b\u016bt\u0173 \u0161vent\u0117, b\u016btina padaryti tuos asmeninius darbus.<\/p>\n<p><\/span><\/p>\n<p style=\"text-align: justify; margin: 0cm 0cm 0pt; mso-layout-grid-align: none\" class=\"MsoNormal\"><i><span style=\"font-family: Arial; font-size: 10pt; mso-ansi-language: LT; mso-fareast-language: LT\"><\/p>\n<p>\u00a0<\/p>\n<p><\/span><\/i><\/p>\n<p style=\"text-align: justify; margin: 0cm 0cm 0pt; mso-layout-grid-align: none\" class=\"MsoNormal\"><i><span style=\"font-family: Arial; font-size: 10pt; mso-ansi-language: LT; mso-fareast-language: LT\">Dvasia turi b\u016bti laisva, rami, vidinio susitaikymo b\u016bsenos, lyg tai pradedant nauj\u0105 gyvenim\u0105. Tarsi su ta sugr\u012f\u017eusia saule mes gimstame i\u0161 naujo.<\/p>\n<p><\/span><\/i><\/p>\n<p style=\"text-align: justify; margin: 0cm 0cm 0pt; mso-layout-grid-align: none\" class=\"MsoNormal\"><b><span style=\"font-family: Arial; font-size: 10pt; mso-ansi-language: LT; mso-fareast-language: LT\"><\/p>\n<p>\u00a0<\/p>\n<p><\/span><\/b><\/p>\n<p style=\"text-align: justify; margin: 0cm 0cm 0pt; mso-layout-grid-align: none\" class=\"MsoNormal\"><b><span style=\"font-family: Arial; font-size: 10pt; mso-ansi-language: LT; mso-fareast-language: LT\">Per pasnink\u0105 lie\u017euvio nelepindavo<\/p>\n<p><\/span><\/b><\/p>\n<p style=\"text-align: justify; margin: 0cm 0cm 0pt; mso-layout-grid-align: none\" class=\"MsoNormal\"><i><span style=\"font-family: Arial; font-size: 10pt; mso-ansi-language: LT; mso-fareast-language: LT\"><\/p>\n<p>\u00a0<\/p>\n<p><\/span><\/i><\/p>\n<p style=\"text-align: justify; margin: 0cm 0cm 0pt; mso-layout-grid-align: none\" class=\"MsoNormal\"><i><span style=\"font-family: Arial; font-size: 10pt; mso-ansi-language: LT; mso-fareast-language: LT\">Yra \u017emoni\u0173, kurie ir dabar laikosi pasninko. Koks jis b\u016bdavo anuomet?<\/p>\n<p><\/span><\/i><\/p>\n<p style=\"text-align: justify; margin: 0cm 0cm 0pt; mso-layout-grid-align: none\" class=\"MsoNormal\"><span style=\"font-family: Arial; font-size: 10pt; mso-ansi-language: LT; mso-fareast-language: LT\">Tas septynias savaites (Gav\u0117nia \u2013 laikas nuo U\u017egav\u0117ni\u0173 iki Velyk\u0173) be pieno produkt\u0173. Pasninkas b\u016bdavo labai logi\u0161kas, nes tuo metu karv\u0117s u\u017etr\u016bkdavo, vi\u0161tos irgi ned\u0117davo kiau\u0161ini\u0173. \u017diem\u0105 gyvenimas tarsi sustodavo. Maitindavosi \u017euvimi, grybais, \u012fvairiomis s\u016bdytomis dar\u017eov\u0117mis, d\u017eiovintais vaisiais, rie\u0161utais, jeigu j\u0173 likdavo po Kal\u0117d\u0173. Kruop\u0173, aliejaus irgi neb\u016bdavo daug, valg\u0117me labai pr\u0117sk\u0105 maist\u0105, netgi sriuba vadindavosi \u201epr\u0117skas\u201c.<\/p>\n<p><\/span><\/p>\n<p style=\"text-align: justify; margin: 0cm 0cm 0pt; mso-layout-grid-align: none\" class=\"MsoNormal\"><span style=\"font-family: Arial; font-size: 10pt; mso-ansi-language: LT; mso-fareast-language: LT\">U\u017etat, kai ateidavo \u0161vent\u0117s, koks nuostabiai skanus atrod\u0117 kiau\u0161inis.<\/p>\n<p><\/span><\/p>\n<p style=\"text-align: justify; margin: 0cm 0cm 0pt; mso-layout-grid-align: none\" class=\"MsoNormal\"><i><span style=\"font-family: Arial; font-size: 10pt; mso-ansi-language: LT; mso-fareast-language: LT\"><\/p>\n<p>\u00a0<\/p>\n<p><\/span><\/i><\/p>\n<p style=\"text-align: justify; margin: 0cm 0cm 0pt; mso-layout-grid-align: none\" class=\"MsoNormal\"><i><span style=\"font-family: Arial; font-size: 10pt; mso-ansi-language: LT; mso-fareast-language: LT\">Kaip valgant tok\u012f ma\u017eai kaloring\u0105 maist\u0105 \u017emon\u0117ms nepritr\u016bkdavo j\u0117g\u0173 nudirbti darbus, juk beveik visi jie b\u016bdavo fiziniai?<\/p>\n<p><\/span><\/i><\/p>\n<p style=\"text-align: justify; margin: 0cm 0cm 0pt; mso-layout-grid-align: none\" class=\"MsoNormal\"><span style=\"font-family: Arial; font-size: 10pt; mso-ansi-language: LT; mso-fareast-language: LT\">Tr\u016bkdavo, tod\u0117l sakydavo: \u201eKo \u010dia nusigav\u0117nav\u0119s vaik\u0161tai\u201c? Ta\u010diau i\u0161kart po Velyk\u0173 gerdavo daug nat\u016bralios klevo sulos, kuri puikiai gr\u0105\u017eindavo j\u0117gas. V\u0117liau ber\u017eo sul\u0105 raugindavo, ir taip jos tur\u0117davo vis\u0105 vasar\u0105. Sula pasotina organizm\u0105 mineralais, naudingomis druskomis. Paskui atsiranda dilg\u0117l\u0117s, dar\u017eov\u0117s, pienas, organizmas atsigauna.<\/p>\n<p><\/span><\/p>\n<p style=\"text-align: justify; margin: 0cm 0cm 0pt; mso-layout-grid-align: none\" class=\"MsoNormal\"><i><span style=\"font-family: Arial; font-size: 10pt; mso-ansi-language: LT; mso-fareast-language: LT\"><\/p>\n<p>\u00a0<\/p>\n<p><\/span><\/i><\/p>\n<p style=\"text-align: justify; margin: 0cm 0cm 0pt; mso-layout-grid-align: none\" class=\"MsoNormal\"><i><span style=\"font-family: Arial; font-size: 10pt; mso-ansi-language: LT; mso-fareast-language: LT\">Kaip manote, i\u0161 \u0161i\u0173 dien\u0173 perspektyvos, ar toks mitybos modelis naudingas sveikatai?<\/p>\n<p><\/span><\/i><\/p>\n<p style=\"text-align: justify; margin: 0cm 0cm 0pt; mso-layout-grid-align: none\" class=\"MsoNormal\"><span style=\"font-family: Arial; font-size: 10pt; mso-ansi-language: LT; mso-fareast-language: LT\">\u0160iandien jis netgi pripa\u017e\u012fstamas pasaulinio lygio dietolog\u0173. Juk ne Dievui reikia, kad mes vaik\u0161\u010diotume susirauk\u0119, nusigav\u0117nav\u0119, to reikia \u017emogui. Ir mes jau patys jau\u010diame, kad esame, kaip sakau, persivalg\u0119, persiriebin\u0119, persisaldin\u0119, d\u0117l to, manau, seniau toki\u0173 lig\u0173 \u2013 ryk\u0161\u010di\u0173 (diabeto, v\u0117\u017eio) tikrai buvo ma\u017eiau.<\/p>\n<p><\/span><\/p>\n<p style=\"text-align: justify; margin: 0cm 0cm 0pt; mso-layout-grid-align: none\" class=\"MsoNormal\"><b><span style=\"font-family: Arial; font-size: 10pt; mso-ansi-language: LT; mso-fareast-language: LT\"><\/p>\n<p>\u00a0<\/p>\n<p><\/span><\/b><\/p>\n<p style=\"text-align: justify; margin: 0cm 0cm 0pt; mso-layout-grid-align: none\" class=\"MsoNormal\"><b><span style=\"font-family: Arial; font-size: 10pt; mso-ansi-language: LT; mso-fareast-language: LT\">Margutis \u2013 seno lau\u017eymas, naujo gimimas<\/p>\n<p><\/span><\/b><\/p>\n<p style=\"text-align: justify; margin: 0cm 0cm 0pt; mso-layout-grid-align: none\" class=\"MsoNormal\"><i><span style=\"font-family: Arial; font-size: 10pt; mso-ansi-language: LT; mso-fareast-language: LT\"><\/p>\n<p>\u00a0<\/p>\n<p><\/span><\/i><\/p>\n<p style=\"text-align: justify; margin: 0cm 0cm 0pt; mso-layout-grid-align: none\" class=\"MsoNormal\"><i><span style=\"font-family: Arial; font-size: 10pt; mso-ansi-language: LT; mso-fareast-language: LT\">Pakalb\u0117kime apie Velyk\u0173 valgius, kurie po ilgo pasninkavimo tikriausiai suteikdavo \u0161ventin\u0119 nuotaik\u0105?<\/p>\n<p><\/span><\/i><\/p>\n<p style=\"text-align: justify; margin: 0cm 0cm 0pt; mso-layout-grid-align: none\" class=\"MsoNormal\"><span style=\"font-family: Arial; font-size: 10pt; mso-ansi-language: LT; mso-fareast-language: LT\">Taip, maistas atrod\u0117 ypa\u010d skanus, ir jo gal\u0117jai valgyti kiek tik nor\u0117jai. \u0160eiminink\u0117s ruo\u0161davo daug kiaulienos patiekal\u0173 (archai\u0161kas Velyk\u0173 patiekalas \u2013 kiaul\u0117s galva; suvalkie\u010diai j\u0105 ir kepdavo, ir virdavo), \u0161altien\u0105 virdavo, kepdavo pyrag\u0105 i\u0161 labai daug kiau\u0161ini\u0173, grietin\u0117s; jis b\u016bdavo tikrai skanus, mielinis. Ir matote, kiek t\u0173 mielini\u0173 patiekal\u0173 valgydavo \u2013 tik kelis kartus per metus: per Velykas, Kal\u0117das, \u201eveseli\u0105\u201c (<\/span><i><span style=\"font-family: Arial; font-size: 10pt; mso-ansi-language: LT; mso-fareast-language: LT; mso-fareast-font-family: MyriadPro-It\">red. past. <\/span><\/i><span style=\"font-family: Arial; font-size: 10pt; mso-ansi-language: LT; mso-fareast-language: LT\">\u2013 vestuv\u0117s), o mes dabar jais kasdien skaninam\u0117s.<\/p>\n<p><\/span><\/p>\n<p style=\"text-align: justify; margin: 0cm 0cm 0pt; mso-layout-grid-align: none\" class=\"MsoNormal\"><span style=\"font-family: Arial; font-size: 10pt; mso-ansi-language: LT; mso-fareast-language: LT\">Pirm\u0105j\u0105 \u0161vent\u0117s dien\u0105 nieko nedirbdavo, kad nepaniekint\u0173 \u0161vent\u0117s, tod\u0117l valgius gamindavo \u0161e\u0161tadien\u012f ant \u0161ventos ugnies \u2013 i\u0161 ba\u017eny\u010dios kartu su vandeniu, duona, druska parsine\u0161davo \u0161ventint\u0173 degtuk\u0173.<\/p>\n<p><\/span><\/p>\n<p style=\"text-align: justify; margin: 0cm 0cm 0pt; mso-layout-grid-align: none\" class=\"MsoNormal\"><span style=\"font-family: Arial; font-size: 10pt; mso-ansi-language: LT; mso-fareast-language: LT\">Per Velykas u\u017etiesdavo spalvot\u0105 \u0161ventin\u0119 stalties\u0119 (per K\u016b\u010dias da\u017eniau tiesdavo balt\u0105), namus stengdavo papuo\u0161ti \u017ealumynais, vadinamaisiais \u201eam\u017einai \u017ealiuojan\u010diais\u201c pataisais. Stalo viduryje pastatydavo simbolin\u012f Avin\u0117l\u012f, da\u017eniausiai padaryt\u0105 i\u0161 sviesto. Laukujas duris apkai\u0161ydavo \u201egyvu \u017ealiu\u201c \u2013 su\u017ealiavusiomis \u0161akel\u0117mis.<\/p>\n<p><\/span><\/p>\n<p style=\"text-align: justify; margin: 0cm 0cm 0pt; mso-layout-grid-align: none\" class=\"MsoNormal\"><i><span style=\"font-family: Arial; font-size: 10pt; mso-ansi-language: LT; mso-fareast-language: LT\"><\/p>\n<p>\u00a0<\/p>\n<p><\/span><\/i><\/p>\n<p style=\"text-align: justify; margin: 0cm 0cm 0pt; mso-layout-grid-align: none\" class=\"MsoNormal\"><i><span style=\"font-family: Arial; font-size: 10pt; mso-ansi-language: LT; mso-fareast-language: LT\">Kokia Velyk\u0173 simbolio \u2013 margu\u010dio prasm\u0117?<\/p>\n<p><\/span><\/i><\/p>\n<p style=\"text-align: justify; margin: 0cm 0cm 0pt; mso-layout-grid-align: none\" class=\"MsoNormal\"><span style=\"font-family: Arial; font-size: 10pt; mso-ansi-language: LT; mso-fareast-language: LT\">Margu\u010di\u0173 dau\u017eymas simbolizuoja seno lau\u017eym\u0105 ir naujo gimim\u0105. Su pasibaigusia \u017eiema tarsi<\/p>\n<p><\/span><\/p>\n<p style=\"text-align: justify; margin: 0cm 0cm 0pt; mso-layout-grid-align: none\" class=\"MsoNormal\"><span style=\"font-family: Arial; font-size: 10pt; mso-ansi-language: LT; mso-fareast-language: LT\">baigiasi vienas gyvenimo etapas, ir su Kristaus prisik\u0117limu prasideda naujas, jeigu mes esame katalikai. T\u0105 \u201esena\u201c reik\u0117jo ka\u017ekaip sudau\u017eyti, taip ir buvo pasirinktas kiau\u0161inis. Jo marginimo tradicija at\u0117jo i\u0161 dar senesni\u0173 laik\u0173, kai, nor\u0117dami \u012fsiteikti dievams, \u017emon\u0117s pirm\u0105j\u012f kiau\u0161in\u012f aukodavo, taigi jis tur\u0117jo b\u016bti gra\u017eiausias, i\u0161skirtinis.<\/p>\n<p><\/span><\/p>\n<p style=\"text-align: justify; margin: 0cm 0cm 0pt; mso-layout-grid-align: none\" class=\"MsoNormal\"><span style=\"font-family: Arial; font-size: 10pt; mso-ansi-language: LT; mso-fareast-language: LT\">Kadangi anks\u010diau nebuvo vi\u0161t\u0173, \u017emon\u0117s valgydavo laukini\u0173 pauk\u0161\u010di\u0173 kiau\u0161inius, ypa\u010d gaus\u016bs b\u016bdavo an\u010di\u0173 lizdai. Tod\u0117l labai laukdavo t\u0173 pauk\u0161\u010di\u0173 sugr\u012f\u017etan\u010di\u0173, kad gal\u0117t\u0173 pasimaitinti.<\/p>\n<p><\/span><\/p>\n<p style=\"text-align: justify; margin: 0cm 0cm 0pt\" class=\"MsoNormal\"><span style=\"font-family: Arial; font-size: 10pt; mso-ansi-language: LT; mso-fareast-language: LT\">\u017dinoma, vis\u0173 kiau\u0161ini\u0173 neimdavo netgi ir obuolius, baravykus rinkdami dal\u012f palikdavo, \u201eReikia tai obel\u0117lei palikti\u201c, sakydavo. \u0160eimoje pirmasis margutis b\u016bdavo dalijamas \u012f tiek dali\u0173, kiek \u017emoni\u0173 s\u0117di u\u017e stalo.<\/p>\n<p><\/span><\/p>\n<p style=\"text-align: justify; margin: 0cm 0cm 0pt; mso-layout-grid-align: none\" class=\"MsoNormal\"><b><span style=\"font-family: Arial; font-size: 10pt; mso-ansi-language: LT; mso-fareast-language: LT\"><\/p>\n<p>\u00a0<\/p>\n<p><\/span><\/b><\/p>\n<p style=\"text-align: justify; margin: 0cm 0cm 0pt; mso-layout-grid-align: none\" class=\"MsoNormal\"><b><span style=\"font-family: Arial; font-size: 10pt; mso-ansi-language: LT; mso-fareast-language: LT\">Ritualai \u2013 \u0161eimai ir sveikatai gausinti<\/p>\n<p><\/span><\/b><\/p>\n<p style=\"text-align: justify; margin: 0cm 0cm 0pt; mso-layout-grid-align: none\" class=\"MsoNormal\"><i><span style=\"font-family: Arial; font-size: 10pt; mso-ansi-language: LT; mso-fareast-language: LT\"><\/p>\n<p>\u00a0<\/p>\n<p><\/span><\/i><\/p>\n<p style=\"text-align: justify; margin: 0cm 0cm 0pt; mso-layout-grid-align: none\" class=\"MsoNormal\"><i><span style=\"font-family: Arial; font-size: 10pt; mso-ansi-language: LT; mso-fareast-language: LT\">Kokie Velyk\u0173 ritualai, apeigos?<\/p>\n<p><\/span><\/i><\/p>\n<p style=\"text-align: justify; margin: 0cm 0cm 0pt; mso-layout-grid-align: none\" class=\"MsoNormal\"><span style=\"font-family: Arial; font-size: 10pt; mso-ansi-language: LT; mso-fareast-language: LT\">Mes su kaimo vaikais b\u016btinai tur\u0117davome \u012fprot\u012f pirm\u0105j\u0105 Velyk\u0173 dien\u0105 i\u0161l\u0117kti basos ir palakstyti, kad b\u016btume sveiki, greiti. Jei dar b\u016bdavo sniego, i\u0161 vakaro pildavome vandens, kad tik to \u017eem\u0117s lopin\u0117lio b\u016bt\u0173 daugiau. Namuose \u017emon\u0117s kabindavo s\u016bpynes. Etnografai \u012fvairiai ai\u0161kina supimosi prasm\u0119: kad linai augt\u0173, supdavosi poros, kad susilaukt\u0173 vaik\u0173, tai jau giluminiai dalykai \u2013 kai k\u0105 reikia sukr\u0117sti, sudau\u017eti, kad palikuoni\u0173 b\u016bt\u0173. Tekuol\u0117s tur\u0117davo kuo auk\u0161\u010diau \u012fsisupti, kad grei\u010diau i\u0161tek\u0117t\u0173. Pasitaikydavo ir nelaiming\u0173 atsitikim\u0173. Bendruomenei reik\u0117davo, kad visos senmerg\u0117s i\u0161tek\u0117t\u0173, kad \u0161eimos vaik\u0173 tur\u0117t\u0173, kad b\u016bt\u0173 stiprus vieningas kaimas.<\/p>\n<p><\/span><\/p>\n<p style=\"text-align: justify; margin: 0cm 0cm 0pt; mso-layout-grid-align: none\" class=\"MsoNormal\"><span style=\"font-family: Arial; font-size: 10pt; mso-ansi-language: LT; mso-fareast-language: LT\">Dz\u016bkijoje per Velykas bernai eidavo lalauti. Ateina b\u016brys bern\u0173 ir gieda prie lango, mergina turi atidaryti lang\u0105 ir duoti tai, ko jie pra\u0161o \u2013 kiau\u0161ini\u0173, pyrago, ar \u201ebuteluk\u0105\u201c. Jie palinki greitai i\u0161tek\u0117ti, daug vaik\u0173 tur\u0117ti. Bernai dainuodavo apeigines dainas.<\/p>\n<p><\/span><\/p>\n<p style=\"text-align: justify; margin: 0cm 0cm 0pt; mso-layout-grid-align: none\" class=\"MsoNormal\"><span style=\"font-family: Arial; font-size: 10pt; mso-ansi-language: LT; mso-fareast-language: LT\">Nor\u0117dami b\u016bti sveiki, \u017emon\u0117s Velyk\u0173 ryt\u0105 prie\u0161 patekant saulei eidavo \u012f upel\u012f (pageidautina \u012f tok\u012f, kuris i\u0161teka i\u0161 ryt\u0173 pus\u0117s) i\u0161simaudyti, nusiprausti. Tik\u0117ta, kad tuo metu tas vanduo turi gydom\u0173j\u0173 gali\u0173.<\/p>\n<p><\/span><\/p>\n<p style=\"text-align: justify; margin: 0cm 0cm 0pt; mso-layout-grid-align: none\" class=\"MsoNormal\"><b><span style=\"font-family: Arial; font-size: 10pt; mso-ansi-language: LT; mso-fareast-language: LT\"><\/p>\n<p>\u00a0<\/p>\n<p><\/span><\/b><\/p>\n<p style=\"text-align: justify; margin: 0cm 0cm 0pt; mso-layout-grid-align: none\" class=\"MsoNormal\"><b><span style=\"font-family: Arial; font-size: 10pt; mso-ansi-language: LT; mso-fareast-language: LT\">Link\u0117davo dvasini\u0173 dovan\u0173<\/p>\n<p><\/span><\/b><\/p>\n<p style=\"text-align: justify; margin: 0cm 0cm 0pt; mso-layout-grid-align: none\" class=\"MsoNormal\"><i><span style=\"font-family: Arial; font-size: 10pt; mso-ansi-language: LT; mso-fareast-language: LT\"><\/p>\n<p>\u00a0<\/p>\n<p><\/span><\/i><\/p>\n<p style=\"text-align: justify; margin: 0cm 0cm 0pt; mso-layout-grid-align: none\" class=\"MsoNormal\"><i><span style=\"font-family: Arial; font-size: 10pt; mso-ansi-language: LT; mso-fareast-language: LT\">Ko link\u0117davo \u017emon\u0117s vieni kitiems?<\/p>\n<p><\/span><\/i><\/p>\n<p style=\"text-align: justify; margin: 0cm 0cm 0pt; mso-layout-grid-align: none\" class=\"MsoNormal\"><span style=\"font-family: Arial; font-size: 10pt; mso-ansi-language: LT; mso-fareast-language: LT\">Dvasini\u0173, esmini\u0173 gyvenimo dovan\u0173: jauniems sukurti \u0161eim\u0105, daug vaik\u0173 susilaukti (bus tvirta bendruomen\u0117), sveikatos, \u0161eimininkams \u2013 gerus vaikus u\u017eauginti, i\u0161mokslinti. Tik\u0117ta, kad tomis dienomis \u017eod\u017eiai tikrai pildosi. Tikriausiai pastebite, kad per Kal\u0117das daugiau d\u0117mesio skiriama vyresniajai kartai, o jau per Velykas padvelkia kiti v\u0117jai \u2013 jaunyst\u0117s, \u0161eimos prado. Ir tai t\u0119sdavosi iki bir\u017eelio 24-osios, kol gamta atgimsta.<\/p>\n<p><\/span><\/p>\n<p style=\"text-align: justify; margin: 0cm 0cm 0pt; mso-layout-grid-align: none\" class=\"MsoNormal\"><span style=\"font-family: Arial; font-size: 10pt; mso-ansi-language: LT; mso-fareast-language: LT\"><\/p>\n<p>\u00a0<\/p>\n<p><\/span><\/p>\n<p style=\"text-align: justify; margin: 0cm 0cm 0pt; mso-layout-grid-align: none\" class=\"MsoNormal\"><span style=\"font-family: Arial; font-size: 10pt; mso-ansi-language: LT; mso-fareast-language: LT\"><img loading=\"lazy\" decoding=\"async\" width=\"182\" height=\"281\" alt=\"\u0160vent\u0119 pajusime b\u016bdami ramios dvasios\" src=\"\"><\/span><\/p>\n<p style=\"text-align: justify; margin: 0cm 0cm 0pt; mso-layout-grid-align: none\" class=\"MsoNormal\">\u00a0<\/p>\n<p style=\"text-align: justify; margin: 0cm 0cm 0pt; mso-layout-grid-align: none\" class=\"MsoNormal\"><span style=\"font-family: Arial; font-size: 10pt; mso-ansi-language: LT; mso-fareast-language: LT\">A\u010di\u016b u\u017e pokalb\u012f.<\/p>\n<p><\/span><\/p>\n<p style=\"text-align: justify; margin: 0cm 0cm 0pt; mso-layout-grid-align: none\" class=\"MsoNormal\"><span style=\"font-family: Arial; font-size: 10pt; mso-ansi-language: LT; mso-fareast-language: LT\">Kalb\u0117josi Agn\u0117 Ki\u0161kyt\u0117<\/p>\n<p><\/span><\/p>\n<p style=\"text-align: justify; margin: 0cm 0cm 0pt; mso-layout-grid-align: none\" class=\"MsoNormal\"><i><span style=\"font-family: Arial; font-size: 10pt; mso-ansi-language: LT; mso-fareast-language: LT; mso-fareast-font-family: MyriadPro-It\">Nuotr. Kristinos Ivanauskait\u0117s-Jucien\u0117s<\/p>\n<p><\/span><\/i><\/p>\n<p style=\"text-align: justify; margin: 0cm 0cm 0pt; mso-layout-grid-align: none\" class=\"MsoNormal\"><i><span style=\"font-family: Arial; font-size: 10pt; mso-ansi-language: LT; mso-fareast-language: LT; mso-fareast-font-family: MyriadPro-It\">Nuotr. Kristinos Ivanauskait\u0117s-Jucien\u0117s<\/p>\n<p><\/span><\/i><\/p>\n<p style=\"text-align: justify; margin: 0cm 0cm 0pt; mso-layout-grid-align: none\" class=\"MsoNormal\"><i><span style=\"font-family: Arial; font-size: 10pt; mso-ansi-language: LT; mso-fareast-language: LT; mso-fareast-font-family: MyriadPro-It\">Nuotr. Vitos Guobien\u0117s<\/p>\n<p><\/span><\/i><\/p>\n<p style=\"text-align: justify; margin: 0cm 0cm 0pt; mso-layout-grid-align: none\" class=\"MsoNormal\"><i><span style=\"font-family: Arial; font-size: 10pt; mso-ansi-language: LT; mso-fareast-language: LT\">Pasninko metu rie\u0161utai suteikia<\/p>\n<p><\/span><\/i><\/p>\n<p style=\"text-align: justify; margin: 0cm 0cm 0pt; mso-layout-grid-align: none\" class=\"MsoNormal\"><i><span style=\"font-family: Arial; font-size: 10pt; mso-ansi-language: LT; mso-fareast-language: LT\">energijos ir nauding\u0173 maisto<\/p>\n<p><\/span><\/i><\/p>\n<p style=\"text-align: justify; margin: 0cm 0cm 0pt\" class=\"MsoNormal\"><i><span style=\"font-family: Arial; font-size: 10pt; mso-ansi-language: LT; mso-fareast-language: LT\">med\u017eiag\u0173.<\/span><\/i><span style=\"font-family: Arial; font-size: 10pt\" lang=\"EN-GB\"><\/p>\n<p><\/span><\/p>\n<p>\u00a0<\/p>\n","protected":false},"excerpt":{"rendered":"<p style=\"text-align: justify; margin: 0cm 0cm 0pt; mso-layout-grid-align: none\" class=\"MsoNormal\"><span style=\"font-family: Arial; font-size: 10pt; mso-ansi-language: LT; mso-fareast-language: LT\">Tas septynias savaites (Gav\u0117nia &ndash; laikas nuo U\u017egav\u0117ni\u0173 iki Velyk\u0173) be pieno produkt\u0173. Pasninkas b\u016bdavo labai logi\u0161kas, nes tuo metu karv\u0117s u\u017etr\u016bkdavo, vi\u0161tos irgi ned\u0117davo kiau\u0161ini\u0173. \u017diem\u0105 gyvenimas tarsi sustodavo. Maitindavosi \u017euvimi, grybais, \u012fvairiomis s\u016bdytomis dar\u017eov\u0117mis, d\u017eiovintais vaisiais, rie\u0161utais, jeigu j\u0173 likdavo po Kal\u0117d\u0173. Kruop\u0173, aliejaus irgi neb\u016bdavo daug, valg\u0117me labai pr\u0117sk\u0105 maist\u0105, netgi sriuba vadindavosi &bdquo;pr\u0117skas&ldquo;.<o:p><\/o:p><\/span><\/p>\n<p style=\"text-align: justify; margin: 0cm 0cm 0pt; mso-layout-grid-align: none\" class=\"MsoNormal\"><span style=\"font-family: Arial; font-size: 10pt; mso-ansi-language: LT; mso-fareast-language: LT\">U\u017etat, kai ateidavo \u0161vent\u0117s, koks nuostabiai skanus atrod\u0117 kiau\u0161inis.<o:p><\/o:p><\/span><\/p>\n","protected":false},"author":1,"featured_media":0,"comment_status":"open","ping_status":"closed","sticky":false,"template":"","format":"standard","meta":{"_acf_changed":false,"footnotes":""},"categories":[27315],"tags":[563,127],"site":[],"post_item_type":[28489],"class_list":["post-9345","post","type-post","status-publish","format-standard","hentry","category-grozis-ir-sveikata","tag-sielos","tag-ziema"],"acf":{"post_sites":false},"aioseo_notices":[],"_links":{"self":[{"href":"https:\/\/www.pasveik.lt\/lt\/wp-json\/wp\/v2\/posts\/9345","targetHints":{"allow":["GET"]}}],"collection":[{"href":"https:\/\/www.pasveik.lt\/lt\/wp-json\/wp\/v2\/posts"}],"about":[{"href":"https:\/\/www.pasveik.lt\/lt\/wp-json\/wp\/v2\/types\/post"}],"author":[{"embeddable":true,"href":"https:\/\/www.pasveik.lt\/lt\/wp-json\/wp\/v2\/users\/1"}],"replies":[{"embeddable":true,"href":"https:\/\/www.pasveik.lt\/lt\/wp-json\/wp\/v2\/comments?post=9345"}],"version-history":[{"count":0,"href":"https:\/\/www.pasveik.lt\/lt\/wp-json\/wp\/v2\/posts\/9345\/revisions"}],"wp:attachment":[{"href":"https:\/\/www.pasveik.lt\/lt\/wp-json\/wp\/v2\/media?parent=9345"}],"wp:term":[{"taxonomy":"category","embeddable":true,"href":"https:\/\/www.pasveik.lt\/lt\/wp-json\/wp\/v2\/categories?post=9345"},{"taxonomy":"post_tag","embeddable":true,"href":"https:\/\/www.pasveik.lt\/lt\/wp-json\/wp\/v2\/tags?post=9345"},{"taxonomy":"site","embeddable":true,"href":"https:\/\/www.pasveik.lt\/lt\/wp-json\/wp\/v2\/site?post=9345"},{"taxonomy":"post_item_type","embeddable":true,"href":"https:\/\/www.pasveik.lt\/lt\/wp-json\/wp\/v2\/post_item_type?post=9345"}],"curies":[{"name":"wp","href":"https:\/\/api.w.org\/{rel}","templated":true}]}}