{"id":9469,"date":"2012-02-19T20:00:00","date_gmt":"2012-02-19T20:00:00","guid":{"rendered":""},"modified":"2012-02-19T20:00:00","modified_gmt":"2012-02-19T20:00:00","slug":"es-prekybos-politika-sietina-su-gyventoju-nutukimu","status":"publish","type":"post","link":"https:\/\/www.pasveik.lt\/lt\/grozio-naujienos\/es-prekybos-politika-sietina-su-gyventoju-nutukimu\/9469\/","title":{"rendered":"ES prekybos politika sietina su gyventoj\u0173 nutukimu?"},"content":{"rendered":"<p style=\"text-align: justify\"><strong><font face=\"\">Europos S\u0105junga (ES) gali b\u016bti kalta d\u0117l to, kad Europoje vis labiau plinta nutukimo epidemija, sako mokslininkai.&nbsp;<\/font><\/strong><\/p>\n<p style=\"text-align: justify; padding-bottom: 0px; line-height: normal; margin: 5px 0px; padding-left: 0px; padding-right: 0px; font-family: Arial, Verdana, Helvetica, sans-serif; color: #000000; padding-top: 10px\">Vienas tyrimas parod\u0117, kad d\u0117l ma\u017eesni\u0173 importo mokes\u010di\u0173 27 valstyb\u0117se nar\u0117se tiekiama daugiau gatav\u0173 m\u0117sos ir pieno produkt\u0173 negu ES nepriklausan\u010diose valstyb\u0117se, ra\u0161o dailymail.co.uk.<\/p>\n<p style=\"text-align: justify; padding-bottom: 0px; line-height: normal; margin: 5px 0px; padding-left: 0px; padding-right: 0px; font-family: Arial, Verdana, Helvetica, sans-serif; color: #000000; padding-top: 10px\">ES valstyb\u0117se taip pat pigiau kainuoja daug kalorij\u0173 turintys produktai, kurie didina rizik\u0105 nutukti.<\/p>\n<p style=\"text-align: justify; padding-bottom: 0px; line-height: normal; margin: 5px 0px; padding-left: 0px; padding-right: 0px; font-family: Arial, Verdana, Helvetica, sans-serif; color: #000000; padding-top: 10px\">Neseniai atliktas &ldquo;Eurostat&rdquo; tyrimas nustat\u0117, kad \u0161iuo metu daugiau kaip pus\u0117 ES gyventoj\u0173 turi antsvorio arba yra nutuk\u0119.<\/p>\n<p style=\"text-align: justify; padding-bottom: 0px; line-height: normal; margin: 5px 0px; padding-left: 0px; padding-right: 0px; font-family: Arial, Verdana, Helvetica, sans-serif; color: #000000; padding-top: 10px\">Naujo tyrimo metu mokslininkai nagrin\u0117jo maitinimosi \u012fpro\u010dius Portugalijoje prie\u0161 \u012fstojant \u012f ES ir jau \u012fstojus.<\/p>\n<p style=\"text-align: justify; padding-bottom: 0px; line-height: normal; margin: 5px 0px; padding-left: 0px; padding-right: 0px; font-family: Arial, Verdana, Helvetica, sans-serif; color: #000000; padding-top: 10px\">Iki 1986 met\u0173, kai Portugalija dar nebuvo prisijungusi prie ES, portugalai valg\u0117 vietos produkcij\u0105. J\u0173 racione buvo daug \u017euvies ir alyvuogi\u0173 aliejaus.<\/p>\n<p style=\"text-align: justify; padding-bottom: 0px; line-height: normal; margin: 5px 0px; padding-left: 0px; padding-right: 0px; font-family: Arial, Verdana, Helvetica, sans-serif; color: #000000; padding-top: 10px\">Ta\u010diau \u0161aliai \u012fstojus \u012f ES, daug gyventoj\u0173 atsisak\u0117 tradicinio maisto ir per\u0117jo prie pigiau kainuojan\u010dios m\u0117sos, s\u016brio ir miltini\u0173 gamini\u0173, kurie u\u017epl\u016bdo Portugalij\u0105 i\u0161 kit\u0173 Europos valstybi\u0173.<\/p>\n<p style=\"text-align: justify; padding-bottom: 0px; line-height: normal; margin: 5px 0px; padding-left: 0px; padding-right: 0px; font-family: Arial, Verdana, Helvetica, sans-serif; color: #000000; padding-top: 10px\">Komentuodamas tyrimo rezultatus Pedro Marquesas-Vidalis i\u0161 Lozanos universiteto \u0160veicarijoje sak\u0117: &ldquo;\u012estojus \u012f ES, Vokietijoje, Italijoje, Pranc\u016bzijoje ir Portugalijoje suma\u017e\u0117jo m\u0117sos ir pieno produkt\u0173 kainos&rdquo;.<\/p>\n<p style=\"text-align: justify; padding-bottom: 0px; line-height: normal; margin: 5px 0px; padding-left: 0px; padding-right: 0px; font-family: Arial, Verdana, Helvetica, sans-serif; color: #000000; padding-top: 10px\">&ldquo;D\u0117l ma\u017eesni\u0173 kain\u0173 i\u0161augo \u0161i\u0173 produkt\u0173 vartojimas, tod\u0117l ES gyventojai priaugo svorio&rdquo;.<\/p>\n<p style=\"text-align: justify; padding-bottom: 0px; line-height: normal; margin: 5px 0px; padding-left: 0px; padding-right: 0px; font-family: Arial, Verdana, Helvetica, sans-serif; color: #000000; padding-top: 10px\">\u0160i\u0105 studij\u0105 patvirtino ir kiti mokslo centrai, tarp j\u0173 \u0160veicarijos Profilaktin\u0117s medicinos centras.&nbsp;<\/p>\n<p style=\"text-align: justify; padding-bottom: 0px; line-height: normal; margin: 5px 0px; padding-left: 0px; padding-right: 0px; font-family: Arial, Verdana, Helvetica, sans-serif; color: #000000; padding-top: 10px\">Davidas Fahas i\u0161 Ciuricho universiteto teig\u0117, kad tokie rezultatai i\u0161ry\u0161kina potenciali\u0105 naryst\u0117s Europos S\u0105jungoje gr\u0117sm\u0119. \u0160veicarija n\u0117ra ES nar\u0117 ir \u0161iuo metu nutukusi\u0173 \u017emoni\u0173 rodiklis joje yra vienas \u017eemiausi\u0173 &ndash; ma\u017edaug 8 proc.<\/p>\n<p style=\"text-align: justify; padding-bottom: 0px; line-height: normal; margin: 5px 0px; padding-left: 0px; padding-right: 0px; font-family: Arial, Verdana, Helvetica, sans-serif; color: #000000; padding-top: 10px\">&ldquo;\u0160veicarai valgo daug dar\u017eovi\u0173, \u017euvies, alyvuogi\u0173 aliejaus ir ma\u017eiau raudonos m\u0117sos&rdquo;, &#8211; sak\u0117 jis.<\/p>\n<p style=\"text-align: justify; padding-bottom: 0px; line-height: normal; margin: 5px 0px; padding-left: 0px; padding-right: 0px; font-family: Arial, Verdana, Helvetica, sans-serif; color: #000000; padding-top: 10px\">&ldquo;Jeigu mes prisijungtume prie ES, raudonos m\u0117sos vartojimas i\u0161 karto padid\u0117t\u0173&rdquo;, &#8211; pa\u017eym\u0117jo D<\/p>\n<p style=\"text-align: justify; padding-bottom: 0px; line-height: normal; margin: 5px 0px; padding-left: 0px; padding-right: 0px; font-family: Arial, Verdana, Helvetica, sans-serif; color: #000000; padding-top: 10px\">. Fahas.<\/p>\n<p style=\"text-align: justify; padding-bottom: 0px; line-height: normal; margin: 5px 0px; padding-left: 0px; padding-right: 0px; font-family: Arial, Verdana, Helvetica, sans-serif; color: #000000; padding-top: 10px\">De\u0161imtojo de\u0161imtme\u010dio pabaigoje kvie\u010di\u0173 kaina d\u0117l nebrangaus kuro ir mokes\u010di\u0173 mok\u0117toj\u0173 subsidij\u0173 \u017eem\u0117s \u016bkiui ES buvo nusmukusi iki rekordi\u0161kai \u017eemo lygio.<\/p>\n<p style=\"text-align: justify; padding-bottom: 0px; line-height: normal; margin: 5px 0px; padding-left: 0px; padding-right: 0px; font-family: Arial, Verdana, Helvetica, sans-serif; color: #000000; padding-top: 10px\">Paplitus \u0161iems pigiems maisto produktams, pirm\u0105 kart\u0105 nutukusi\u0173 \u017emoni\u0173 skai\u010dius \u0161oktel\u0117jo iki 1 mlrd.<\/p>\n<p style=\"text-align: justify; padding-bottom: 0px; line-height: normal; margin: 5px 0px; padding-left: 0px; padding-right: 0px; font-family: Arial, Verdana, Helvetica, sans-serif; color: #000000; padding-top: 10px\">&ldquo;\u017dinome, kad <a href=\"https:\/\/pasveik.lt\/lt\/ligos-ir-sindromai\/nutukimas\/4355\">nutukimas<\/a> ES yra problema. Mes \u012fvardijome j\u012f gr\u0117sme visuomen\u0117s sveikatai&rdquo;, &#8211; teig\u0117 ES Aplinkos ir sveikatos komisijos atstovas spaudai Jo Leinenas.<\/p>\n<p style=\"text-align: justify; padding-bottom: 0px; line-height: normal; margin: 5px 0px; padding-left: 0px; padding-right: 0px; font-family: Arial, Verdana, Helvetica, sans-serif; color: #000000; padding-top: 10px\"><a href=\"https:\/\/pasveik.lt\/lt\/ligos-ir-sindromai\/nutukimas\/4355\">Nutukimas<\/a> pripa\u017e\u012fstamas pasauline epidemija ir labiausiai paplitusiu med\u017eiag\u0173 apykaitos sutrikimu pasaulyje.<\/p>\n<p style=\"text-align: justify; padding-bottom: 0px; line-height: normal; margin: 5px 0px; padding-left: 0px; padding-right: 0px; font-family: Arial, Verdana, Helvetica, sans-serif; color: #000000; padding-top: 10px\">Asmuo laikomas nutukusiu, jeigu pagal savo \u016bg\u012f ir lyt\u012f turi per daug svorio ir jo k\u016bno mas\u0117s indeksas yra 30 ar daugiau.<\/p>\n<p style=\"text-align: justify; padding-bottom: 0px; line-height: normal; margin: 5px 0px; padding-left: 0px; padding-right: 0px; font-family: Arial, Verdana, Helvetica, sans-serif; color: #000000; padding-top: 10px\">&ldquo;The Foresight&rdquo; ataskaitoje prognozuojama, kad iki 2025 met\u0173 beveik pus\u0117 vyr\u0173 ir daugiau kaip tre\u010ddalis moter\u0173 bus nutuk\u0119. D\u0117l to jiems padid\u0117s rizika susirgti virtine l\u0117tini\u0173 lig\u0173, \u012fskaitant II tipo<a href=\"https:\/\/pasveik.lt\/ligos-ir-sindromai\/cukrinis-diabetas\/4406\">diabet\u0105<\/a>, <a href=\"https:\/\/pasveik.lt\/ligos-ir-sindromai\/5;system;7\">kardiovaskulines ligas<\/a>, hipertenzij\u0105, <a href=\"https:\/\/pasveik.lt\/ligos-ir-sindromai\/insultas-smegenu-infarktas\/4396#apibudinimas\">insult\u0105<\/a> ir tam tikras v\u0117\u017eio formas.<\/p>\n<p style=\"text-align: justify; padding-bottom: 0px; line-height: normal; margin: 5px 0px; padding-left: 0px; padding-right: 0px; font-family: Arial, Verdana, Helvetica, sans-serif; color: #000000; padding-top: 10px\">Lietuvos sveikata\/Delfi<\/p>\n<p style=\"text-align: justify; padding-bottom: 0px; line-height: normal; margin: 5px 0px; padding-left: 0px; padding-right: 0px; font-family: Arial, Verdana, Helvetica, sans-serif; color: #000000; padding-top: 10px\">&nbsp;<\/p>\n","protected":false},"excerpt":{"rendered":"<p style=\"text-align: justify; padding-bottom: 0px; line-height: normal; margin: 5px 0px; padding-left: 0px; padding-right: 0px; font-family: Arial, Verdana, Helvetica, sans-serif; color: #000000; padding-top: 10px\">&ldquo;The Foresight&rdquo; ataskaitoje prognozuojama, kad iki 2025 met\u0173 beveik pus\u0117 vyr\u0173 ir daugiau kaip tre\u010ddalis moter\u0173 bus nutuk\u0119. D\u0117l to jiems padid\u0117s rizika susirgti virtine l\u0117tini\u0173 lig\u0173, \u012fskaitant II tipo diabet\u0105, kardiovaskulines ligas, hipertenzij\u0105, insult\u0105 ir tam tikras v\u0117\u017eio formas.<\/p>\n","protected":false},"author":1,"featured_media":0,"comment_status":"open","ping_status":"closed","sticky":false,"template":"","format":"standard","meta":{"_acf_changed":false,"footnotes":""},"categories":[27315],"tags":[592,157,1171],"site":[],"post_item_type":[28489],"class_list":["post-9469","post","type-post","status-publish","format-standard","hentry","category-grozis-ir-sveikata","tag-epidemija","tag-nutukimas","tag-pigiau"],"acf":{"post_sites":false},"aioseo_notices":[],"_links":{"self":[{"href":"https:\/\/www.pasveik.lt\/lt\/wp-json\/wp\/v2\/posts\/9469","targetHints":{"allow":["GET"]}}],"collection":[{"href":"https:\/\/www.pasveik.lt\/lt\/wp-json\/wp\/v2\/posts"}],"about":[{"href":"https:\/\/www.pasveik.lt\/lt\/wp-json\/wp\/v2\/types\/post"}],"author":[{"embeddable":true,"href":"https:\/\/www.pasveik.lt\/lt\/wp-json\/wp\/v2\/users\/1"}],"replies":[{"embeddable":true,"href":"https:\/\/www.pasveik.lt\/lt\/wp-json\/wp\/v2\/comments?post=9469"}],"version-history":[{"count":0,"href":"https:\/\/www.pasveik.lt\/lt\/wp-json\/wp\/v2\/posts\/9469\/revisions"}],"wp:attachment":[{"href":"https:\/\/www.pasveik.lt\/lt\/wp-json\/wp\/v2\/media?parent=9469"}],"wp:term":[{"taxonomy":"category","embeddable":true,"href":"https:\/\/www.pasveik.lt\/lt\/wp-json\/wp\/v2\/categories?post=9469"},{"taxonomy":"post_tag","embeddable":true,"href":"https:\/\/www.pasveik.lt\/lt\/wp-json\/wp\/v2\/tags?post=9469"},{"taxonomy":"site","embeddable":true,"href":"https:\/\/www.pasveik.lt\/lt\/wp-json\/wp\/v2\/site?post=9469"},{"taxonomy":"post_item_type","embeddable":true,"href":"https:\/\/www.pasveik.lt\/lt\/wp-json\/wp\/v2\/post_item_type?post=9469"}],"curies":[{"name":"wp","href":"https:\/\/api.w.org\/{rel}","templated":true}]}}